

{"id":12363,"global_id":"www.staffsante.fr\/contenu?id=12363","global_id_lineage":["www.staffsante.fr\/contenu?id=12363"],"author":"1","status":"publish","date":"2025-12-30 12:52:22","date_utc":"2025-12-30 11:52:22","modified":"2025-12-30 12:52:22","modified_utc":"2025-12-30 11:52:22","url":"https:\/\/www.staffsante.fr\/contenu\/evenement\/portes-ouvertes-ifps-rennes\/","rest_url":"https:\/\/www.staffsante.fr\/contenu\/wp-json\/tribe\/events\/v1\/events\/12363","title":"[Portes ouvertes]  IFPS Rennes","description":"<p>Ce 31 janvier 2026, l\u2019Institut de Formation des Professionnels de Sant\u00e9 du Centre Hospitalier Guillaume R\u00e9gnier vous ouvre ses portes ! Venez d\u00e9couvrir nos formations en soins infirmiers et d\u2019aide-soignant, con\u00e7ues pour r\u00e9pondre aux besoins actuels du secteur de la sant\u00e9.<\/p>\n<p>Lors de cette journ\u00e9e, vous aurez l&#8217;occasion de visiter nos locaux et de rencontrer notre \u00e9quipe p\u00e9dagogique dynamique, passionn\u00e9e, et pr\u00eate \u00e0 r\u00e9pondre \u00e0 toutes vos questions.<\/p>\n<p>Ne manquez pas cette opportunit\u00e9 de vous immerger dans l\u2019univers de nos formations et de comprendre les parcours qui m\u00e8nent \u00e0 des carri\u00e8res essentielles au service des patients.<\/p>\n<p>Nous vous attendons nombreux !<\/p>\n<p><em>Pour permettre au plus grand nombre de profiter de cette journ\u00e9e, chaque \u00e9tudiant ou \u00e9l\u00e8ve pourra \u00eatre accompagn\u00e9 de deux personnes maximum. (une place par personne pr\u00e9sente dans la limite de 3 places par candidat)<\/em><\/p>\n<p>Inscription : <a href=\"https:\/\/my.weezevent.com\/portes-ouvertes-ifps-chgr-2026\">https:\/\/my.weezevent.com\/portes-ouvertes-ifps-chgr-2026<\/a><\/p>","excerpt":"<p>Ce 31 janvier 2026, l\u2019Institut de Formation des Professionnels de Sant\u00e9 du Centre Hospitalier Guillaume R\u00e9gnier vous ouvre ses portes ! Venez d\u00e9couvrir nos formations en soins infirmiers et d\u2019aide-soignant, con\u00e7ues pour r\u00e9pondre aux besoins actuels du secteur de la sant\u00e9.<\/p>","slug":"portes-ouvertes-ifps-rennes","image":{"url":"https:\/\/content.staffsante.fr\/wp-content\/uploads\/2025\/12\/Agenda-30.png","id":12364,"extension":"png","width":1200,"height":600,"filesize":194240,"sizes":{"medium":{"width":300,"height":150,"mime-type":"image\/png","filesize":28274,"url":"https:\/\/content.staffsante.fr\/wp-content\/uploads\/2025\/12\/Agenda-30-300x150.png"},"large":{"width":1024,"height":512,"mime-type":"image\/png","filesize":225365,"url":"https:\/\/content.staffsante.fr\/wp-content\/uploads\/2025\/12\/Agenda-30-1024x512.png"},"thumbnail":{"width":150,"height":150,"mime-type":"image\/png","filesize":23486,"url":"https:\/\/content.staffsante.fr\/wp-content\/uploads\/2025\/12\/Agenda-30-150x150.png"},"medium_large":{"width":768,"height":384,"mime-type":"image\/png","filesize":117477,"url":"https:\/\/content.staffsante.fr\/wp-content\/uploads\/2025\/12\/Agenda-30-768x384.png"},"sow-carousel-default":{"width":272,"height":182,"mime-type":"image\/png","filesize":57403,"url":"https:\/\/content.staffsante.fr\/wp-content\/uploads\/2025\/12\/Agenda-30-272x182.png"}}},"all_day":false,"start_date":"2026-01-31 09:00:00","start_date_details":{"year":"2026","month":"01","day":"31","hour":"09","minutes":"00","seconds":"00"},"end_date":"2026-01-31 17:00:00","end_date_details":{"year":"2026","month":"01","day":"31","hour":"17","minutes":"00","seconds":"00"},"utc_start_date":"2026-01-31 08:00:00","utc_start_date_details":{"year":"2026","month":"01","day":"31","hour":"08","minutes":"00","seconds":"00"},"utc_end_date":"2026-01-31 16:00:00","utc_end_date_details":{"year":"2026","month":"01","day":"31","hour":"16","minutes":"00","seconds":"00"},"timezone":"Europe\/Paris","timezone_abbr":"CET","cost":"","cost_details":{"currency_symbol":"","currency_code":"","currency_position":"suffix","values":[]},"website":"https:\/\/www.ifps-chgr.fr\/actualites\/portes-ouvertes-2026-save-the-date\/","show_map":true,"show_map_link":true,"hide_from_listings":false,"sticky":false,"featured":false,"categories":[],"tags":[],"venue":{"id":12360,"author":"1","status":"publish","date":"2025-12-30 12:48:35","date_utc":"2025-12-30 11:48:35","modified":"2025-12-30 12:48:35","modified_utc":"2025-12-30 11:48:35","url":"https:\/\/www.staffsante.fr\/contenu\/lieu\/ifsi-ifas-chgr\/","venue":"IFSI-IFAS CHGR","slug":"ifsi-ifas-chgr","address":"15 rue du Bois Perrin","city":"Rennes","zip":"35703","json_ld":{"@type":"Place","name":"IFSI-IFAS CHGR","description":"","url":"https:\/\/www.staffsante.fr\/contenu\/lieu\/ifsi-ifas-chgr\/","address":{"@type":"PostalAddress","streetAddress":"15 rue du Bois Perrin","addressLocality":"Rennes","postalCode":"35703"},"telephone":"","sameAs":""},"show_map":true,"show_map_link":true,"global_id":"www.staffsante.fr\/contenu?id=12360","global_id_lineage":["www.staffsante.fr\/contenu?id=12360"]},"organizer":[],"json_ld":{"@context":"http:\/\/schema.org","@type":"Event","name":"[Portes ouvertes]  IFPS Rennes","description":"&lt;p&gt;Ce 31 janvier 2026, l\u2019Institut de Formation des Professionnels de Sant\u00e9 du Centre Hospitalier Guillaume R\u00e9gnier vous ouvre ses portes ! Venez d\u00e9couvrir nos formations en soins infirmiers et d\u2019aide-soignant, con\u00e7ues pour r\u00e9pondre aux besoins actuels du secteur de la sant\u00e9.&lt;\/p&gt;\\n","image":"https:\/\/content.staffsante.fr\/wp-content\/uploads\/2025\/12\/Agenda-30.png","url":"https:\/\/www.staffsante.fr\/contenu\/evenement\/portes-ouvertes-ifps-rennes\/","eventAttendanceMode":"https:\/\/schema.org\/OfflineEventAttendanceMode","eventStatus":"https:\/\/schema.org\/EventScheduled","startDate":"2026-01-31T09:00:00+01:00","endDate":"2026-01-31T17:00:00+01:00","location":{"@type":"Place","name":"IFSI-IFAS CHGR","description":"","url":"https:\/\/www.staffsante.fr\/contenu\/lieu\/ifsi-ifas-chgr\/","address":{"@type":"PostalAddress","streetAddress":"15 rue du Bois Perrin","addressLocality":"Rennes","postalCode":"35703"},"telephone":"","sameAs":""},"performer":"Organization"}}