

{"id":13006,"date":"2026-04-29T17:43:12","date_gmt":"2026-04-29T15:43:12","guid":{"rendered":"https:\/\/www.staffsante.fr\/contenu\/?p=13006"},"modified":"2026-04-30T09:36:21","modified_gmt":"2026-04-30T07:36:21","slug":"horaires-en-12h-concilier-vie-pro-et-vie-perso","status":"publish","type":"post","link":"https:\/\/www.staffsante.fr\/contenu\/horaires-en-12h-concilier-vie-pro-et-vie-perso\/","title":{"rendered":"Horaires en 12h : comment concilier vie pro et vie perso ?"},"content":{"rendered":"<p>Longtemps r\u00e9serv\u00e9s \u00e0 la r\u00e9animation et aux urgences, les horaires en 12 heures se g\u00e9n\u00e9ralisent aujourd&#8217;hui dans de nombreux services, au sein des \u00e9tablissements de sant\u00e9. Ce rythme s\u00e9duit de plus en plus les professionnels de sant\u00e9, qui y voit l&#8217;opportunit\u00e9 de concentrer leur temps de travail et d&#8217;avoir plus de temps libre. Mais travailler en 12h suppose aussi une cadence intense qui n\u00e9cessite de pr\u00e9server sa sant\u00e9 mentale.<\/p>\n<p><strong>Quels sont les avantages et inconv\u00e9nients du planning en 12h ? Comment concilier vie professionnelle et vie personnelle ? On fait le point.<\/strong><\/p>\n<h2>Les sp\u00e9cificit\u00e9s des horaires en 12h \u00e0 l&#8217;h\u00f4pital en Ehpad<\/h2>\n<p>Travailler en 12h ne signifie pas passer plus de temps \u00e0 l&#8217;h\u00f4pital, mais r\u00e9organiser le temps de travailler. C&#8217;est un rythme <strong>souvent vertueux \u00e0 la fois pour les soignants mais aussi l&#8217;h\u00f4pital<\/strong>. Il permet notamment de r\u00e9duire les temps de transmissions et de limiter les dysfonctionnements li\u00e9s \u00e0 cette \u00e9tape.<\/p>\n<h3>Concr\u00e8tement, comment \u00e7a fonctionne ?<\/h3>\n<ul>\n<li><strong>Rythme<\/strong> : alternance de semaines de 4 jours travaill\u00e9s avec des petites semaines de 2 ou 3 jours travaill\u00e9s<\/li>\n<li><strong>Amplitude horaire<\/strong> : souvent de 7h \u00e0 19 ou de 19h \u00e0 7h<\/li>\n<li><strong>R\u00e9cup\u00e9ration<\/strong> : p\u00e9riodes de repos de 3 ou 4 jours cons\u00e9cutifs<\/li>\n<\/ul>\n<blockquote><p><strong>Quel cadre l\u00e9gal pour les horaires en 12h ?<\/strong><br \/>\nDans la fonction publique hospitali\u00e8re (FPH), la dur\u00e9e de travail maximal ne doit pas d\u00e9passer 9 ou 10h (pour les \u00e9quipes de nuit) d&#8217;affil\u00e9. Pour obtenir l&#8217;autorisation de r\u00e9aliser des contrats en 12h, le chef d&#8217;\u00e9tablissement doit prouver que &#8220;<a href=\"https:\/\/www.legifrance.gouv.fr\/loda\/id\/LEGISCTA000006105356\" target=\"_blank\" rel=\"noopener\"><em>les contraintes de continuit\u00e9 du service public l&#8217;exigent en permanence<\/em><\/a>&#8220;. Cette organisation de travail ne doit pas d\u00e9passer les 12 heures cons\u00e9cutives par jour et les 36 heures cons\u00e9cutives par semaine.<\/p><\/blockquote>\n<p style=\"text-align: center;\"><a class=\"button\" href=\"https:\/\/www.staffsante.fr\/recherche?utf8=%E2%9C%93&amp;job_search%5Bque%5D=12h&amp;job_search%5Bdonde%5D=&amp;button=\" target=\"_blank\" rel=\"noopener noreferrer\">Je cherche un poste en 12h<\/a><\/p>\n<h2>Planning en 12h : les avantages et les inconv\u00e9nients<\/h2>\n<h3>Les avantages des horaires en 12h<\/h3>\n<ul>\n<li><strong>Meilleure d\u00e9connexion<\/strong> : avoir 3 ou 4 jours de repos d&#8217;affil\u00e9 permet aux soignants de d\u00e9connecter r\u00e9ellement, de voyager sur des longs week-ends ou de s&#8217;occuper de projets personnels sans poser de cong\u00e9s.<\/li>\n<li><strong>R\u00e9duction de l&#8217;absent\u00e9isme<\/strong> : les professionnels ont plus de temps pour g\u00e9rer leurs contraintes personnelles (ex : rendez-vous m\u00e9dicaux) et s&#8217;absentent donc moins sur les temps de travail<\/li>\n<li><strong>R\u00e9duction des trajets<\/strong> : moins de jours travaill\u00e9s signifie moins de temps pass\u00e9 sur la route ou dans les transports, et donc moins de fatigue li\u00e9 \u00e0 ces d\u00e9placements. Et plus d&#8217;\u00e9conomies r\u00e9alis\u00e9es sur les frais de transport.<\/li>\n<li><strong>Continuit\u00e9 des soins<\/strong> : un seul passage de relais par jour limite les risques d&#8217;erreurs de transmission et offre une meilleure vision globale du patient.<\/li>\n<\/ul>\n<h3>Les inconv\u00e9nients des horaires en 12h<\/h3>\n<ul>\n<li><strong>Fatigue accrue<\/strong> : les deux derni\u00e8res heures de service sont souvent les plus critiques en termes de vigilance et fatigue physique.<\/li>\n<li><strong>Impact sur le sommeil<\/strong> : le rythme biologique peut \u00eatre mis \u00e0 rude \u00e9preuve, surtout lors des alternances jour \/ nuit.<\/li>\n<li><strong>Risque d&#8217;addiction<\/strong> : les professionnels qui travaillent en 12h ont tendance \u00e0 consommer plus de caf\u00e9 et fumer plus de cigarettes par jour, pour faire face \u00e0 la fatigue, d&#8217;apr\u00e8s <a href=\"https:\/\/www.infirmiers.com\/profession-ide\/le-travail-en-12h-augmente-les-risques-pour-la-sante-mentale\" target=\"_blank\" rel=\"noopener\">une \u00e9tude de 2023<\/a>.<\/li>\n<li><strong>Vie sociale &#8220;off&#8221;<\/strong> les jours travaill\u00e9s : quand on travaille en 12h, la journ\u00e9e est totalement d\u00e9di\u00e9e au travail. Sortir, voir ses proches ou s&#8217;occuper de ses enfants quasiment impossible ces jours-l\u00e0, ce qui peut entra\u00eener une baisse de moral.<\/li>\n<\/ul>\n<blockquote><p>Certaines <a href=\"https:\/\/www.infirmiers.com\/profession-ide\/le-travail-en-12h-augmente-les-risques-pour-la-sante-mentale\" target=\"_blank\" rel=\"noopener\">\u00e9tudes<\/a> pointent du doigt les effets n\u00e9fastes du travail en 12h, notamment sur la <strong>sant\u00e9 mentale des professionnels<\/strong>. En effet, les infirmiers et aides-soignants qui travaillent en 10 et 10 heures pr\u00e9snterait des risques de d\u00e9pressions et de burn-out plus \u00e9lev\u00e9s que pour les soignants qui travaillent en 7h.<\/p><\/blockquote>\n<h2>Comment concilier sa vie pro et sa vie perso quand on travaille en 12h ?<\/h2>\n<p>Concilier vie personnelle et vie professionnelle lorsque l&#8217;on travaille en 12h demande une organisation millim\u00e9tr\u00e9e. Voici quelques conseils pour ne pas subir votre planning :<\/p>\n<h3>Anticipez l&#8217;intendance de la maison<\/h3>\n<p>Les jours o\u00f9 vous travaillez, il vous sera difficile de vous occuper de la logistique du quotidien.<\/p>\n<ul>\n<li><strong>Pr\u00e9parez vos repas \u00e0 l&#8217;avance<\/strong> : le batch-cooking est votre ami ! Le principe : cuisiner en quelques heures les repas de la semaine. Un bon compromis pour avoir un repas r\u00e9confortant pr\u00eat les soirs de travail et \u00e9viter de se jeter sur les snacks ou les livraisons \u00e0 domicile.<\/li>\n<li><strong>Organisez des relais et limiter votre charge mentale<\/strong>: communiquez avec votre conjoint, vos proches ou la nounou d\u00e8s que votre planning est connu pour qu&#8217;ils puissent g\u00e9rer les conduites et la logisitique du quotidien. D\u00e9l\u00e9guez les t\u00e2ches m\u00e9nag\u00e8res pour pouvoir avoir des vrais temps de repos apr\u00e8s une journ\u00e9e intense.<\/li>\n<\/ul>\n<h3>Sanctuarisez votre sommeil<\/h3>\n<p>Le repos est votre priorit\u00e9 absolue pour tenir dans la dur\u00e9e. M\u00eame s&#8217;il est parfois difficile d&#8217;avoir un sommeil de qualit\u00e9 (notamment avec des enfants), vous pouvez adopter certains gestes pour un endormissement plus serein :<\/p>\n<ul>\n<li><strong>Routine de d\u00e9compression<\/strong> : en rentrant, accordez-vous une vingtaine de minutes au calme pour faire redescendre la pression de la journ\u00e9e. Laissez votre t\u00e9l\u00e9phone loin de vous au moment du coucher et privil\u00e9giez un livre \u00e0 une s\u00e9rie juste avant de dormir pour favoriser l&#8217;endormissement.<\/li>\n<li><strong>Environnement propice<\/strong> : si vous travaillez de nuit, investissez dans des rideaux occultants de qualit\u00e9 et demandez \u00e0 votre entourage de respecter votre calme lors de vos repos.<\/li>\n<\/ul>\n<h3>\u00a0Optimisez les jours de repos<\/h3>\n<p>Le pi\u00e8ge des horaires en 12h est de passer ses 3 jours de repos \u00e0 &#8220;r\u00e9cup\u00e9rer sur le canap\u00e9, sans avoir la force de faire autre chose.<\/p>\n<ul>\n<li><strong>Bougez (mod\u00e9r\u00e9ment)<\/strong> : m\u00eame sans \u00eatre sportif, une activit\u00e9 physique douce (marche, natation, yoga&#8230;) aide \u00e0 \u00e9vacuer les tensions musculaires accumul\u00e9es pendant les heures de travail debout.<\/li>\n<li><strong>Planifiez des loisirs<\/strong> : organisez-vous des moments de d\u00e9compression avec vos proches, r\u00e9servez-vous des moments de loisirs pour vous pour d\u00e9connecter totalement pendant vos repos et reprendre des forces.<\/li>\n<\/ul>\n<h3>Ecoutez vos limites<\/h3>\n<p>Comme vu pr\u00e9c\u00e9demment, les professionnels travaillant en 12h sont plus sensibles au burn-out.<\/p>\n<ul>\n<li><strong>Apprenez \u00e0 dire non<\/strong> : accepter un remplacement sur une &#8220;petite semaine&#8221; peut sembler rentable mais l&#8217;\u00e9puisement accumul\u00e9 finit toujours par se payer.<\/li>\n<\/ul>\n<p>&nbsp;<\/p>\n<blockquote><p>Les \u00e9tablissements ont aussi un<a href=\"https:\/\/www.staffsante.fr\/contenu\/prendre-soin-des-soignants-les-actions-concretes-des-etablissements\/\" target=\"_blank\" rel=\"noopener\"> vrai r\u00f4le \u00e0 jouer<\/a> pour <strong>pr\u00e9server la sant\u00e9 mentale de leurs soignants<\/strong>, notamment sur des rythmes en 12h. Parmi les pistes d&#8217;actions \u00e0 mettre en place : d\u00e9velopper de vrais <strong>programmes de pr\u00e9vention<\/strong> et promouvoir de vraies pauses durant la journ\u00e9e avec des <strong>espaces de repos<\/strong>.<\/p><\/blockquote>\n<p style=\"text-align: center;\"><a class=\"button\" href=\"https:\/\/www.staffsante.fr\/recherche?utf8=%E2%9C%93&amp;job_search%5Bque%5D=12h&amp;job_search%5Bdonde%5D=&amp;button=\" target=\"_blank\" rel=\"noopener noreferrer\">Je cherche un poste en 12h<\/a><\/p>\n<p>&#8212;<\/p>\n<p>Travailler en 12h est un choix personnel. \u00c0 vous de peser le pour et le contre, en fonction de votre situation et vos aspirations. Il peut s&#8217;av\u00e9rer judicieux si vous habitez loin de votre lieu de travail ou si vous ch\u00e9rissez vos longs week-ends mais attention \u00e0 ne pas vous \u00e9puiser !<\/p>\n","protected":false},"excerpt":{"rendered":"<p>Quels sont les avantages et inconv\u00e9nients du planning en 12h ? Comment concilier vie professionnelle et vie personnelle ? On fait le point.<\/p>\n","protected":false},"author":1,"featured_media":13025,"comment_status":"closed","ping_status":"closed","sticky":false,"template":"","format":"standard","meta":[],"categories":[2,28],"tags":[],"acf":[],"yoast_head":"<!-- This site is optimized with the Yoast SEO plugin v19.14 - https:\/\/yoast.com\/wordpress\/plugins\/seo\/ -->\n<title>Horaires en 12h : concilier vie pro et vie perso<\/title>\n<meta name=\"description\" content=\"Quels sont les avantages et inconv\u00e9nients des horaires en 12h quand on est soignant ? Comment \u00e9quilibrer vie perso et planning ?\" \/>\n<meta name=\"robots\" content=\"index, follow, max-snippet:-1, max-image-preview:large, max-video-preview:-1\" \/>\n<link rel=\"canonical\" href=\"https:\/\/www.staffsante.fr\/contenu\/horaires-en-12h-concilier-vie-pro-et-vie-perso\/\" \/>\n<meta property=\"og:locale\" content=\"fr_FR\" \/>\n<meta property=\"og:type\" content=\"article\" \/>\n<meta property=\"og:title\" content=\"Horaires en 12h : concilier vie pro et vie perso\" \/>\n<meta property=\"og:description\" content=\"Quels sont les avantages et inconv\u00e9nients des horaires en 12h quand on est soignant ? Comment \u00e9quilibrer vie perso et planning ?\" \/>\n<meta property=\"og:url\" content=\"https:\/\/www.staffsante.fr\/contenu\/horaires-en-12h-concilier-vie-pro-et-vie-perso\/\" \/>\n<meta property=\"og:site_name\" content=\"STAFFSANT\u00c9\" \/>\n<meta property=\"article:published_time\" content=\"2026-04-29T15:43:12+00:00\" \/>\n<meta property=\"article:modified_time\" content=\"2026-04-30T07:36:21+00:00\" \/>\n<meta property=\"og:image\" content=\"https:\/\/content.staffsante.fr\/wp-content\/uploads\/2026\/04\/Image-mise-en-avant-14.jpg\" \/>\n\t<meta property=\"og:image:width\" content=\"2000\" \/>\n\t<meta property=\"og:image:height\" content=\"500\" \/>\n\t<meta property=\"og:image:type\" content=\"image\/jpeg\" \/>\n<meta name=\"author\" content=\"admin_staff_content\" \/>\n<meta name=\"twitter:card\" content=\"summary_large_image\" \/>\n<meta name=\"twitter:label1\" content=\"\u00c9crit par\" \/>\n\t<meta name=\"twitter:data1\" content=\"admin_staff_content\" \/>\n\t<meta name=\"twitter:label2\" content=\"Dur\u00e9e de lecture estim\u00e9e\" \/>\n\t<meta name=\"twitter:data2\" content=\"6 minutes\" \/>\n<script type=\"application\/ld+json\" class=\"yoast-schema-graph\">{\"@context\":\"https:\/\/schema.org\",\"@graph\":[{\"@type\":\"Article\",\"@id\":\"https:\/\/www.staffsante.fr\/contenu\/horaires-en-12h-concilier-vie-pro-et-vie-perso\/#article\",\"isPartOf\":{\"@id\":\"https:\/\/www.staffsante.fr\/contenu\/horaires-en-12h-concilier-vie-pro-et-vie-perso\/\"},\"author\":{\"name\":\"admin_staff_content\",\"@id\":\"https:\/\/www.staffsante.fr\/contenu\/#\/schema\/person\/8cea5b012277ab5dd4995aec10f20b0c\"},\"headline\":\"Horaires en 12h : comment concilier vie pro et vie perso ?\",\"datePublished\":\"2026-04-29T15:43:12+00:00\",\"dateModified\":\"2026-04-30T07:36:21+00:00\",\"mainEntityOfPage\":{\"@id\":\"https:\/\/www.staffsante.fr\/contenu\/horaires-en-12h-concilier-vie-pro-et-vie-perso\/\"},\"wordCount\":1151,\"publisher\":{\"@id\":\"https:\/\/www.staffsante.fr\/contenu\/#organization\"},\"articleSection\":[\"Actualit\u00e9s\",\"G\u00e9rer sa carri\u00e8re\"],\"inLanguage\":\"fr-FR\"},{\"@type\":\"WebPage\",\"@id\":\"https:\/\/www.staffsante.fr\/contenu\/horaires-en-12h-concilier-vie-pro-et-vie-perso\/\",\"url\":\"https:\/\/www.staffsante.fr\/contenu\/horaires-en-12h-concilier-vie-pro-et-vie-perso\/\",\"name\":\"Horaires en 12h : concilier vie pro et vie perso\",\"isPartOf\":{\"@id\":\"https:\/\/www.staffsante.fr\/contenu\/#website\"},\"datePublished\":\"2026-04-29T15:43:12+00:00\",\"dateModified\":\"2026-04-30T07:36:21+00:00\",\"description\":\"Quels sont les avantages et inconv\u00e9nients des horaires en 12h quand on est soignant ? Comment \u00e9quilibrer vie perso et planning ?\",\"breadcrumb\":{\"@id\":\"https:\/\/www.staffsante.fr\/contenu\/horaires-en-12h-concilier-vie-pro-et-vie-perso\/#breadcrumb\"},\"inLanguage\":\"fr-FR\",\"potentialAction\":[{\"@type\":\"ReadAction\",\"target\":[\"https:\/\/www.staffsante.fr\/contenu\/horaires-en-12h-concilier-vie-pro-et-vie-perso\/\"]}]},{\"@type\":\"BreadcrumbList\",\"@id\":\"https:\/\/www.staffsante.fr\/contenu\/horaires-en-12h-concilier-vie-pro-et-vie-perso\/#breadcrumb\",\"itemListElement\":[{\"@type\":\"ListItem\",\"position\":1,\"name\":\"Home\",\"item\":\"https:\/\/www.staffsante.fr\/contenu\/\"},{\"@type\":\"ListItem\",\"position\":2,\"name\":\"Horaires en 12h : comment concilier vie pro et vie perso ?\"}]},{\"@type\":\"WebSite\",\"@id\":\"https:\/\/www.staffsante.fr\/contenu\/#website\",\"url\":\"https:\/\/www.staffsante.fr\/contenu\/\",\"name\":\"STAFFSANT\u00c9\",\"description\":\"L&#039;actualit\u00e9 carri\u00e8re des professionnels de sant\u00e9\",\"publisher\":{\"@id\":\"https:\/\/www.staffsante.fr\/contenu\/#organization\"},\"potentialAction\":[{\"@type\":\"SearchAction\",\"target\":{\"@type\":\"EntryPoint\",\"urlTemplate\":\"https:\/\/www.staffsante.fr\/contenu\/?s={search_term_string}\"},\"query-input\":\"required name=search_term_string\"}],\"inLanguage\":\"fr-FR\"},{\"@type\":\"Organization\",\"@id\":\"https:\/\/www.staffsante.fr\/contenu\/#organization\",\"name\":\"Staffsant\u00e9\",\"url\":\"https:\/\/www.staffsante.fr\/contenu\/\",\"logo\":{\"@type\":\"ImageObject\",\"inLanguage\":\"fr-FR\",\"@id\":\"https:\/\/www.staffsante.fr\/contenu\/#\/schema\/logo\/image\/\",\"url\":\"https:\/\/content.staffsante.fr\/wp-content\/uploads\/2017\/06\/Staffsante.jpg\",\"contentUrl\":\"https:\/\/content.staffsante.fr\/wp-content\/uploads\/2017\/06\/Staffsante.jpg\",\"width\":2225,\"height\":592,\"caption\":\"Staffsant\u00e9\"},\"image\":{\"@id\":\"https:\/\/www.staffsante.fr\/contenu\/#\/schema\/logo\/image\/\"}},{\"@type\":\"Person\",\"@id\":\"https:\/\/www.staffsante.fr\/contenu\/#\/schema\/person\/8cea5b012277ab5dd4995aec10f20b0c\",\"name\":\"admin_staff_content\",\"image\":{\"@type\":\"ImageObject\",\"inLanguage\":\"fr-FR\",\"@id\":\"https:\/\/www.staffsante.fr\/contenu\/#\/schema\/person\/image\/\",\"url\":\"http:\/\/2.gravatar.com\/avatar\/2b9ac03912eb39091678a45d1b4c36c0?s=96&d=mm&r=g\",\"contentUrl\":\"http:\/\/2.gravatar.com\/avatar\/2b9ac03912eb39091678a45d1b4c36c0?s=96&d=mm&r=g\",\"caption\":\"admin_staff_content\"}}]}<\/script>\n<!-- \/ Yoast SEO plugin. -->","yoast_head_json":{"title":"Horaires en 12h : concilier vie pro et vie perso","description":"Quels sont les avantages et inconv\u00e9nients des horaires en 12h quand on est soignant ? Comment \u00e9quilibrer vie perso et planning ?","robots":{"index":"index","follow":"follow","max-snippet":"max-snippet:-1","max-image-preview":"max-image-preview:large","max-video-preview":"max-video-preview:-1"},"canonical":"https:\/\/www.staffsante.fr\/contenu\/horaires-en-12h-concilier-vie-pro-et-vie-perso\/","og_locale":"fr_FR","og_type":"article","og_title":"Horaires en 12h : concilier vie pro et vie perso","og_description":"Quels sont les avantages et inconv\u00e9nients des horaires en 12h quand on est soignant ? Comment \u00e9quilibrer vie perso et planning ?","og_url":"https:\/\/www.staffsante.fr\/contenu\/horaires-en-12h-concilier-vie-pro-et-vie-perso\/","og_site_name":"STAFFSANT\u00c9","article_published_time":"2026-04-29T15:43:12+00:00","article_modified_time":"2026-04-30T07:36:21+00:00","og_image":[{"width":2000,"height":500,"url":"https:\/\/content.staffsante.fr\/wp-content\/uploads\/2026\/04\/Image-mise-en-avant-14.jpg","type":"image\/jpeg"}],"author":"admin_staff_content","twitter_card":"summary_large_image","twitter_misc":{"\u00c9crit par":"admin_staff_content","Dur\u00e9e de lecture estim\u00e9e":"6 minutes"},"schema":{"@context":"https:\/\/schema.org","@graph":[{"@type":"Article","@id":"https:\/\/www.staffsante.fr\/contenu\/horaires-en-12h-concilier-vie-pro-et-vie-perso\/#article","isPartOf":{"@id":"https:\/\/www.staffsante.fr\/contenu\/horaires-en-12h-concilier-vie-pro-et-vie-perso\/"},"author":{"name":"admin_staff_content","@id":"https:\/\/www.staffsante.fr\/contenu\/#\/schema\/person\/8cea5b012277ab5dd4995aec10f20b0c"},"headline":"Horaires en 12h : comment concilier vie pro et vie perso ?","datePublished":"2026-04-29T15:43:12+00:00","dateModified":"2026-04-30T07:36:21+00:00","mainEntityOfPage":{"@id":"https:\/\/www.staffsante.fr\/contenu\/horaires-en-12h-concilier-vie-pro-et-vie-perso\/"},"wordCount":1151,"publisher":{"@id":"https:\/\/www.staffsante.fr\/contenu\/#organization"},"articleSection":["Actualit\u00e9s","G\u00e9rer sa carri\u00e8re"],"inLanguage":"fr-FR"},{"@type":"WebPage","@id":"https:\/\/www.staffsante.fr\/contenu\/horaires-en-12h-concilier-vie-pro-et-vie-perso\/","url":"https:\/\/www.staffsante.fr\/contenu\/horaires-en-12h-concilier-vie-pro-et-vie-perso\/","name":"Horaires en 12h : concilier vie pro et vie perso","isPartOf":{"@id":"https:\/\/www.staffsante.fr\/contenu\/#website"},"datePublished":"2026-04-29T15:43:12+00:00","dateModified":"2026-04-30T07:36:21+00:00","description":"Quels sont les avantages et inconv\u00e9nients des horaires en 12h quand on est soignant ? Comment \u00e9quilibrer vie perso et planning ?","breadcrumb":{"@id":"https:\/\/www.staffsante.fr\/contenu\/horaires-en-12h-concilier-vie-pro-et-vie-perso\/#breadcrumb"},"inLanguage":"fr-FR","potentialAction":[{"@type":"ReadAction","target":["https:\/\/www.staffsante.fr\/contenu\/horaires-en-12h-concilier-vie-pro-et-vie-perso\/"]}]},{"@type":"BreadcrumbList","@id":"https:\/\/www.staffsante.fr\/contenu\/horaires-en-12h-concilier-vie-pro-et-vie-perso\/#breadcrumb","itemListElement":[{"@type":"ListItem","position":1,"name":"Home","item":"https:\/\/www.staffsante.fr\/contenu\/"},{"@type":"ListItem","position":2,"name":"Horaires en 12h : comment concilier vie pro et vie perso ?"}]},{"@type":"WebSite","@id":"https:\/\/www.staffsante.fr\/contenu\/#website","url":"https:\/\/www.staffsante.fr\/contenu\/","name":"STAFFSANT\u00c9","description":"L&#039;actualit\u00e9 carri\u00e8re des professionnels de sant\u00e9","publisher":{"@id":"https:\/\/www.staffsante.fr\/contenu\/#organization"},"potentialAction":[{"@type":"SearchAction","target":{"@type":"EntryPoint","urlTemplate":"https:\/\/www.staffsante.fr\/contenu\/?s={search_term_string}"},"query-input":"required name=search_term_string"}],"inLanguage":"fr-FR"},{"@type":"Organization","@id":"https:\/\/www.staffsante.fr\/contenu\/#organization","name":"Staffsant\u00e9","url":"https:\/\/www.staffsante.fr\/contenu\/","logo":{"@type":"ImageObject","inLanguage":"fr-FR","@id":"https:\/\/www.staffsante.fr\/contenu\/#\/schema\/logo\/image\/","url":"https:\/\/content.staffsante.fr\/wp-content\/uploads\/2017\/06\/Staffsante.jpg","contentUrl":"https:\/\/content.staffsante.fr\/wp-content\/uploads\/2017\/06\/Staffsante.jpg","width":2225,"height":592,"caption":"Staffsant\u00e9"},"image":{"@id":"https:\/\/www.staffsante.fr\/contenu\/#\/schema\/logo\/image\/"}},{"@type":"Person","@id":"https:\/\/www.staffsante.fr\/contenu\/#\/schema\/person\/8cea5b012277ab5dd4995aec10f20b0c","name":"admin_staff_content","image":{"@type":"ImageObject","inLanguage":"fr-FR","@id":"https:\/\/www.staffsante.fr\/contenu\/#\/schema\/person\/image\/","url":"http:\/\/2.gravatar.com\/avatar\/2b9ac03912eb39091678a45d1b4c36c0?s=96&d=mm&r=g","contentUrl":"http:\/\/2.gravatar.com\/avatar\/2b9ac03912eb39091678a45d1b4c36c0?s=96&d=mm&r=g","caption":"admin_staff_content"}}]}},"_links":{"self":[{"href":"https:\/\/www.staffsante.fr\/contenu\/wp-json\/wp\/v2\/posts\/13006"}],"collection":[{"href":"https:\/\/www.staffsante.fr\/contenu\/wp-json\/wp\/v2\/posts"}],"about":[{"href":"https:\/\/www.staffsante.fr\/contenu\/wp-json\/wp\/v2\/types\/post"}],"author":[{"embeddable":true,"href":"https:\/\/www.staffsante.fr\/contenu\/wp-json\/wp\/v2\/users\/1"}],"replies":[{"embeddable":true,"href":"https:\/\/www.staffsante.fr\/contenu\/wp-json\/wp\/v2\/comments?post=13006"}],"version-history":[{"count":13,"href":"https:\/\/www.staffsante.fr\/contenu\/wp-json\/wp\/v2\/posts\/13006\/revisions"}],"predecessor-version":[{"id":13023,"href":"https:\/\/www.staffsante.fr\/contenu\/wp-json\/wp\/v2\/posts\/13006\/revisions\/13023"}],"wp:featuredmedia":[{"embeddable":true,"href":"https:\/\/www.staffsante.fr\/contenu\/wp-json\/wp\/v2\/media\/13025"}],"wp:attachment":[{"href":"https:\/\/www.staffsante.fr\/contenu\/wp-json\/wp\/v2\/media?parent=13006"}],"wp:term":[{"taxonomy":"category","embeddable":true,"href":"https:\/\/www.staffsante.fr\/contenu\/wp-json\/wp\/v2\/categories?post=13006"},{"taxonomy":"post_tag","embeddable":true,"href":"https:\/\/www.staffsante.fr\/contenu\/wp-json\/wp\/v2\/tags?post=13006"}],"curies":[{"name":"wp","href":"https:\/\/api.w.org\/{rel}","templated":true}]}}