

{"id":2799,"date":"2013-08-12T11:56:44","date_gmt":"2013-08-12T11:56:44","guid":{"rendered":"http:\/\/content.staffsante.fr\/?p=2799"},"modified":"2026-04-22T17:04:48","modified_gmt":"2026-04-22T15:04:48","slug":"exemple-cv-de-sage-femme","status":"publish","type":"post","link":"https:\/\/www.staffsante.fr\/contenu\/exemple-cv-de-sage-femme\/","title":{"rendered":"Exemple de CV de sage-femme"},"content":{"rendered":"<figure class=\"visucvlettre\"><a title=\"CV sage-femme pdf\" href=\"https:\/\/content.staffsante.fr\/wp-content\/uploads\/2013\/08\/CV-Sage-femme.pdf\" target=\"_blank\" rel=\"noopener\"><img loading=\"lazy\" src=\"https:\/\/content.staffsante.fr\/wp-content\/uploads\/2018\/02\/CV-sage-femme.png\" alt=\"CV sage-femme pdf\" width=\"250\" height=\"354\" \/><\/a><figcaption>CV sage-femme<\/figcaption><\/figure>\n<p><span style=\"font-size: medium;\">L&#8217;\u00e9tat civil<\/span><\/p>\n<p>Dans un premier temps, pr\u00e9cisez votre \u00e9tat civil. Mentionnez, dans l&#8217;ordre, votre pr\u00e9nom puis votre nom de famille.<br \/>\nSi vous \u00eates veuf ou divorc\u00e9, n&#8217;entrez pas les d\u00e9tails et pr\u00e9f\u00e9rez le terme &#8220;c\u00e9libataire&#8221;. Mais sachez qu&#8217;il n&#8217;y a aucune obligation de mentionner votre situation familiale sur votre CV, cela est un choix personnel. Par ailleurs, il est pr\u00e9f\u00e9rable d&#8217;indiquer votre \u00e2ge plut\u00f4t que votre date de naissance, cela fera gagner du temps au recruteur.<!--more--><br \/>\nPour que le recruteur puisse vous contacter, il est n\u00e9cessaire de faire figurer votre adresse, votre num\u00e9ro de t\u00e9l\u00e9phone et votre adresse e-mail. \u00c9vitez les messages humoristiques sur votre r\u00e9pondeur, le recruteur cherche avant tout un collaborateur s\u00e9rieux. Si vous \u00eates \u00e0 la recherche d&#8217;un emploi, pensez donc \u00e0 enregistrer un message professionnel sur votre t\u00e9l\u00e9phone. Quand \u00e0 l&#8217;adresse e-mail, oubliez les adresses \u00e0 connotation trop personnelle du type &#8220;bogoss_75 &#8221; ou &#8220;sexylady62 &#8221; . Optez plut\u00f4t pour une adresse e-mail classique avec votre nom et\/ou votre pr\u00e9nom.<\/p>\n<p><span style=\"font-size: medium;\">Les exp\u00e9riences professionnelles<\/span><\/p>\n<p>Quand on est un candidat exp\u00e9riment\u00e9, comme c&#8217;est le cas ici, il est pr\u00e9f\u00e9rable de ne citer que les exp\u00e9riences professionnelles les plus importantes. Il n&#8217;est pas n\u00e9cessaire de mentionner les stages effectu\u00e9s durant la scolarit\u00e9. Vous pouvez en parler en entretien, mais sur votre CV il faut \u00eatre le plus bref possible et aller \u00e0 l&#8217;essentiel. Les recruteurs re\u00e7oivent en moyenne une cinquantaine de CV par poste. Ils n&#8217;accordent que peu de temps \u00e0 la lecture d&#8217;une candidature. Enfin, pour un poste de sage-femme, il est int\u00e9ressant de pr\u00e9ciser le niveau des maternit\u00e9s dans lesquelles vous avez \u00e9volu\u00e9. Cela permettra au recruteur de voir au premier coup d\u2019\u0153il si vous savez g\u00e9rer les grossesses difficiles.<\/p>\n<p><span style=\"font-size: medium;\">Les comp\u00e9tences<\/span><\/p>\n<p>Pour cet exemple de CV, les exp\u00e9riences sont plut\u00f4t longues et les comp\u00e9tences de la candidate sont donc nombreuses. C&#8217;est pourquoi il est pr\u00e9f\u00e9rable de les lister dans une rubrique d\u00e9di\u00e9e plut\u00f4t que dans la rubrique &#8220;Exp\u00e9riences professionnelles&#8221;. Il est fort probable que la candidate ait d\u00e9velopp\u00e9 des comp\u00e9tences similaires entre ses pr\u00e9c\u00e9dentes exp\u00e9riences. En s\u00e9parant &#8220;comp\u00e9tences&#8221; et &#8220;exp\u00e9riences&#8221;, on \u00e9vite les redondances.<\/p>\n<p><strong>S\u00e9verine Gauthier<\/strong><br \/>\n13 rue de la Libert\u00e9<br \/>\n67400 Illkirch-Graffenstaden<br \/>\n33 ans &#8211; Mari\u00e9e<br \/>\n06 00 00 00 00<br \/>\nseverine_gauthier@sagefemme.fr<\/p>\n<p style=\"text-align: center;\"><span style=\"text-decoration: underline; color: #3366ff;\"><strong>Sage-femme : 10 ans d&#8217;exp\u00e9rience<\/strong><\/span><\/p>\n<p style=\"text-align: center;\"><span style=\"color: #3366ff;\">Exp\u00e9riences professionnelles<\/span><\/p>\n<p style=\"text-align: left;\"><em><strong>De septembre 2008 \u00e0 aujourd&#8217;hui<\/strong><\/em> : Sage-femme, clinique Saint-Anne de Strasbourg (Maternit\u00e9 de niveau 2)<\/p>\n<p><em><strong>De octobre 2007 \u00e0 f\u00e9vrier 2008<\/strong><\/em> : Sage-femme, Centre Hospitalier Sainte Catherine de Saverne (Maternit\u00e9 de niveau 2)<\/p>\n<p><em><strong>De mai 2003 \u00e0 ao\u00fbt 2005<\/strong><\/em> : Sage-femme, H\u00f4pital de Hautepierre de Strasbourg (Maternit\u00e9 de niveau 3)<\/p>\n<p style=\"text-align: center;\"><span style=\"color: #3366ff;\">Comp\u00e9tences<\/span><\/p>\n<ul>\n<li>Consultation pr\u00e9natale<\/li>\n<li>Pr\u00e9paration \u00e0 l&#8217;accouchement<\/li>\n<li>\u00c9pisiotomie et aide op\u00e9ratoire aux c\u00e9sariennes<\/li>\n<li>Soins du nouveau-n\u00e9 et de la maman<\/li>\n<li>Instrumentiste<\/li>\n<li>Suites de couches<\/li>\n<li>Accompagnement \u00e0 l&#8217;allaitement<\/li>\n<\/ul>\n<p style=\"text-align: center;\"><span style=\"color: #3366ff;\">Formation<\/span><\/p>\n<ul>\n<li><span style=\"line-height: 13px;\"><em><strong>1999 &#8211; 2003<\/strong><\/em> : Pr\u00e9paration du Dipl\u00f4me d&#8217;\u00c9tat de Sage-femme \u00e0 l&#8217;\u00c9cole de Sages-femmes de Schiltigheim<\/span><\/li>\n<li><em><strong>1998 &#8211; 1999<\/strong><\/em> : Premi\u00e8re ann\u00e9e du Premier Cycle des Etudes M\u00e9dicales \u00e0 la facult\u00e9 de m\u00e9decine de Strasbourg<\/li>\n<\/ul>\n<p style=\"text-align: center;\"><span style=\"color: #3366ff;\">Informations compl\u00e9mentaires<\/span><\/p>\n<ul>\n<li><span style=\"line-height: 13px;\">Formation d&#8217;accompagnement \u00e0 l&#8217;allaitement maternel (Niveau 1)<\/span><\/li>\n<li>Formation et encadrement des stagiaires de l&#8217;\u00c9cole de Sages-femmes de Schiltigheim<\/li>\n<\/ul>\n<p style=\"text-align: center;\"><span style=\"color: #3366ff;\">Centres d&#8217;int\u00e9r\u00eat<\/span><\/p>\n<ul>\n<li><span style=\"line-height: 13px;\">Yoga<\/span><\/li>\n<li>Randonn\u00e9e<\/li>\n<\/ul>\n<p>T\u00e9l\u00e9charger le mod\u00e8le de CV Sage-femme en format pdf : <a class=\"telechargement_CV_pdf\" href=\"https:\/\/content.staffsante.fr\/wp-content\/uploads\/2013\/08\/CV-Sage-femme.pdf\">CV Sage-femme<\/a>.<a href=\"https:\/\/www.staffsante.fr\/contenu\/wp-content\/uploads\/2013\/07\/cv-aide-soignant.pdf\"><br \/>\n<\/a><\/p>\n<p>T\u00e9l\u00e9charger le mod\u00e8le de CV Sage-femme en format doc : <a class=\"telechargement_CV_doc\" href=\"https:\/\/content.staffsante.fr\/wp-content\/uploads\/2013\/08\/CV-Sage-femme.doc\">CV Sage-femme<\/a>.<\/p>\n<h2>Trouvez votre prochain emploi de sage-femme<\/h2>\n<div id=\"result_extract\"><\/div>\n","protected":false},"excerpt":{"rendered":"<p>CV sage-femme L&#8217;\u00e9tat civil Dans un premier temps, pr\u00e9cisez votre \u00e9tat civil. Mentionnez, dans l&#8217;ordre, votre pr\u00e9nom puis votre nom de famille. Si vous \u00eates veuf ou divorc\u00e9, n&#8217;entrez pas [&hellip;]<\/p>\n","protected":false},"author":1,"featured_media":0,"comment_status":"closed","ping_status":"closed","sticky":false,"template":"","format":"standard","meta":[],"categories":[1],"tags":[19,17,316,260,160,98,9,112,113],"acf":[],"yoast_head":"<!-- This site is optimized with the Yoast SEO plugin v19.14 - https:\/\/yoast.com\/wordpress\/plugins\/seo\/ -->\n<title>Exemple de CV de sage-femme | STAFFSANT\u00c9<\/title>\n<meta name=\"description\" content=\"Besoin d\u2019aide pour r\u00e9diger votre CV de sage-femme ? D\u00e9couvrez notre exemple de CV et nos conseils en ligne\u00a0: simple et efficace\u00a0!\" \/>\n<meta name=\"robots\" content=\"index, follow, max-snippet:-1, max-image-preview:large, max-video-preview:-1\" \/>\n<link rel=\"canonical\" href=\"https:\/\/www.staffsante.fr\/contenu\/exemple-cv-de-sage-femme\/\" \/>\n<meta property=\"og:locale\" content=\"fr_FR\" \/>\n<meta property=\"og:type\" content=\"article\" \/>\n<meta property=\"og:title\" content=\"Exemple de CV de sage-femme | STAFFSANT\u00c9\" \/>\n<meta property=\"og:description\" content=\"Besoin d\u2019aide pour r\u00e9diger votre CV de sage-femme ? D\u00e9couvrez notre exemple de CV et nos conseils en ligne\u00a0: simple et efficace\u00a0!\" \/>\n<meta property=\"og:url\" content=\"https:\/\/www.staffsante.fr\/contenu\/exemple-cv-de-sage-femme\/\" \/>\n<meta property=\"og:site_name\" content=\"STAFFSANT\u00c9\" \/>\n<meta property=\"article:published_time\" content=\"2013-08-12T11:56:44+00:00\" \/>\n<meta property=\"article:modified_time\" content=\"2026-04-22T15:04:48+00:00\" \/>\n<meta property=\"og:image\" content=\"https:\/\/content.staffsante.fr\/wp-content\/uploads\/2018\/02\/CV-sage-femme.png\" \/>\n<meta name=\"author\" content=\"admin_staff_content\" \/>\n<meta name=\"twitter:card\" content=\"summary_large_image\" \/>\n<meta name=\"twitter:label1\" content=\"\u00c9crit par\" \/>\n\t<meta name=\"twitter:data1\" content=\"admin_staff_content\" \/>\n\t<meta name=\"twitter:label2\" content=\"Dur\u00e9e de lecture estim\u00e9e\" \/>\n\t<meta name=\"twitter:data2\" content=\"3 minutes\" \/>\n<script type=\"application\/ld+json\" class=\"yoast-schema-graph\">{\"@context\":\"https:\/\/schema.org\",\"@graph\":[{\"@type\":\"Article\",\"@id\":\"https:\/\/www.staffsante.fr\/contenu\/exemple-cv-de-sage-femme\/#article\",\"isPartOf\":{\"@id\":\"https:\/\/www.staffsante.fr\/contenu\/exemple-cv-de-sage-femme\/\"},\"author\":{\"name\":\"admin_staff_content\",\"@id\":\"https:\/\/www.staffsante.fr\/contenu\/#\/schema\/person\/8cea5b012277ab5dd4995aec10f20b0c\"},\"headline\":\"Exemple de CV de sage-femme\",\"datePublished\":\"2013-08-12T11:56:44+00:00\",\"dateModified\":\"2026-04-22T15:04:48+00:00\",\"mainEntityOfPage\":{\"@id\":\"https:\/\/www.staffsante.fr\/contenu\/exemple-cv-de-sage-femme\/\"},\"wordCount\":586,\"publisher\":{\"@id\":\"https:\/\/www.staffsante.fr\/contenu\/#organization\"},\"keywords\":[\"candidature\",\"CV\",\"Exemple\",\"recrutement\",\"recruteurs\",\"sage-femme\",\"Sant\u00e9\",\"Staffsant\u00e9\",\"Staffsocial\"],\"articleSection\":[\"Exemples de CV et de lettres de motivation\"],\"inLanguage\":\"fr-FR\"},{\"@type\":\"WebPage\",\"@id\":\"https:\/\/www.staffsante.fr\/contenu\/exemple-cv-de-sage-femme\/\",\"url\":\"https:\/\/www.staffsante.fr\/contenu\/exemple-cv-de-sage-femme\/\",\"name\":\"Exemple de CV de sage-femme | STAFFSANT\u00c9\",\"isPartOf\":{\"@id\":\"https:\/\/www.staffsante.fr\/contenu\/#website\"},\"datePublished\":\"2013-08-12T11:56:44+00:00\",\"dateModified\":\"2026-04-22T15:04:48+00:00\",\"description\":\"Besoin d\u2019aide pour r\u00e9diger votre CV de sage-femme ? D\u00e9couvrez notre exemple de CV et nos conseils en ligne\u00a0: simple et efficace\u00a0!\",\"breadcrumb\":{\"@id\":\"https:\/\/www.staffsante.fr\/contenu\/exemple-cv-de-sage-femme\/#breadcrumb\"},\"inLanguage\":\"fr-FR\",\"potentialAction\":[{\"@type\":\"ReadAction\",\"target\":[\"https:\/\/www.staffsante.fr\/contenu\/exemple-cv-de-sage-femme\/\"]}]},{\"@type\":\"BreadcrumbList\",\"@id\":\"https:\/\/www.staffsante.fr\/contenu\/exemple-cv-de-sage-femme\/#breadcrumb\",\"itemListElement\":[{\"@type\":\"ListItem\",\"position\":1,\"name\":\"Home\",\"item\":\"https:\/\/www.staffsante.fr\/contenu\/\"},{\"@type\":\"ListItem\",\"position\":2,\"name\":\"Exemple de CV de sage-femme\"}]},{\"@type\":\"WebSite\",\"@id\":\"https:\/\/www.staffsante.fr\/contenu\/#website\",\"url\":\"https:\/\/www.staffsante.fr\/contenu\/\",\"name\":\"STAFFSANT\u00c9\",\"description\":\"L&#039;actualit\u00e9 carri\u00e8re des professionnels de sant\u00e9\",\"publisher\":{\"@id\":\"https:\/\/www.staffsante.fr\/contenu\/#organization\"},\"potentialAction\":[{\"@type\":\"SearchAction\",\"target\":{\"@type\":\"EntryPoint\",\"urlTemplate\":\"https:\/\/www.staffsante.fr\/contenu\/?s={search_term_string}\"},\"query-input\":\"required name=search_term_string\"}],\"inLanguage\":\"fr-FR\"},{\"@type\":\"Organization\",\"@id\":\"https:\/\/www.staffsante.fr\/contenu\/#organization\",\"name\":\"Staffsant\u00e9\",\"url\":\"https:\/\/www.staffsante.fr\/contenu\/\",\"logo\":{\"@type\":\"ImageObject\",\"inLanguage\":\"fr-FR\",\"@id\":\"https:\/\/www.staffsante.fr\/contenu\/#\/schema\/logo\/image\/\",\"url\":\"https:\/\/content.staffsante.fr\/wp-content\/uploads\/2017\/06\/Staffsante.jpg\",\"contentUrl\":\"https:\/\/content.staffsante.fr\/wp-content\/uploads\/2017\/06\/Staffsante.jpg\",\"width\":2225,\"height\":592,\"caption\":\"Staffsant\u00e9\"},\"image\":{\"@id\":\"https:\/\/www.staffsante.fr\/contenu\/#\/schema\/logo\/image\/\"}},{\"@type\":\"Person\",\"@id\":\"https:\/\/www.staffsante.fr\/contenu\/#\/schema\/person\/8cea5b012277ab5dd4995aec10f20b0c\",\"name\":\"admin_staff_content\",\"image\":{\"@type\":\"ImageObject\",\"inLanguage\":\"fr-FR\",\"@id\":\"https:\/\/www.staffsante.fr\/contenu\/#\/schema\/person\/image\/\",\"url\":\"http:\/\/2.gravatar.com\/avatar\/2b9ac03912eb39091678a45d1b4c36c0?s=96&d=mm&r=g\",\"contentUrl\":\"http:\/\/2.gravatar.com\/avatar\/2b9ac03912eb39091678a45d1b4c36c0?s=96&d=mm&r=g\",\"caption\":\"admin_staff_content\"}}]}<\/script>\n<!-- \/ Yoast SEO plugin. -->","yoast_head_json":{"title":"Exemple de CV de sage-femme | STAFFSANT\u00c9","description":"Besoin d\u2019aide pour r\u00e9diger votre CV de sage-femme ? D\u00e9couvrez notre exemple de CV et nos conseils en ligne\u00a0: simple et efficace\u00a0!","robots":{"index":"index","follow":"follow","max-snippet":"max-snippet:-1","max-image-preview":"max-image-preview:large","max-video-preview":"max-video-preview:-1"},"canonical":"https:\/\/www.staffsante.fr\/contenu\/exemple-cv-de-sage-femme\/","og_locale":"fr_FR","og_type":"article","og_title":"Exemple de CV de sage-femme | STAFFSANT\u00c9","og_description":"Besoin d\u2019aide pour r\u00e9diger votre CV de sage-femme ? D\u00e9couvrez notre exemple de CV et nos conseils en ligne\u00a0: simple et efficace\u00a0!","og_url":"https:\/\/www.staffsante.fr\/contenu\/exemple-cv-de-sage-femme\/","og_site_name":"STAFFSANT\u00c9","article_published_time":"2013-08-12T11:56:44+00:00","article_modified_time":"2026-04-22T15:04:48+00:00","og_image":[{"url":"https:\/\/content.staffsante.fr\/wp-content\/uploads\/2018\/02\/CV-sage-femme.png"}],"author":"admin_staff_content","twitter_card":"summary_large_image","twitter_misc":{"\u00c9crit par":"admin_staff_content","Dur\u00e9e de lecture estim\u00e9e":"3 minutes"},"schema":{"@context":"https:\/\/schema.org","@graph":[{"@type":"Article","@id":"https:\/\/www.staffsante.fr\/contenu\/exemple-cv-de-sage-femme\/#article","isPartOf":{"@id":"https:\/\/www.staffsante.fr\/contenu\/exemple-cv-de-sage-femme\/"},"author":{"name":"admin_staff_content","@id":"https:\/\/www.staffsante.fr\/contenu\/#\/schema\/person\/8cea5b012277ab5dd4995aec10f20b0c"},"headline":"Exemple de CV de sage-femme","datePublished":"2013-08-12T11:56:44+00:00","dateModified":"2026-04-22T15:04:48+00:00","mainEntityOfPage":{"@id":"https:\/\/www.staffsante.fr\/contenu\/exemple-cv-de-sage-femme\/"},"wordCount":586,"publisher":{"@id":"https:\/\/www.staffsante.fr\/contenu\/#organization"},"keywords":["candidature","CV","Exemple","recrutement","recruteurs","sage-femme","Sant\u00e9","Staffsant\u00e9","Staffsocial"],"articleSection":["Exemples de CV et de lettres de motivation"],"inLanguage":"fr-FR"},{"@type":"WebPage","@id":"https:\/\/www.staffsante.fr\/contenu\/exemple-cv-de-sage-femme\/","url":"https:\/\/www.staffsante.fr\/contenu\/exemple-cv-de-sage-femme\/","name":"Exemple de CV de sage-femme | STAFFSANT\u00c9","isPartOf":{"@id":"https:\/\/www.staffsante.fr\/contenu\/#website"},"datePublished":"2013-08-12T11:56:44+00:00","dateModified":"2026-04-22T15:04:48+00:00","description":"Besoin d\u2019aide pour r\u00e9diger votre CV de sage-femme ? D\u00e9couvrez notre exemple de CV et nos conseils en ligne\u00a0: simple et efficace\u00a0!","breadcrumb":{"@id":"https:\/\/www.staffsante.fr\/contenu\/exemple-cv-de-sage-femme\/#breadcrumb"},"inLanguage":"fr-FR","potentialAction":[{"@type":"ReadAction","target":["https:\/\/www.staffsante.fr\/contenu\/exemple-cv-de-sage-femme\/"]}]},{"@type":"BreadcrumbList","@id":"https:\/\/www.staffsante.fr\/contenu\/exemple-cv-de-sage-femme\/#breadcrumb","itemListElement":[{"@type":"ListItem","position":1,"name":"Home","item":"https:\/\/www.staffsante.fr\/contenu\/"},{"@type":"ListItem","position":2,"name":"Exemple de CV de sage-femme"}]},{"@type":"WebSite","@id":"https:\/\/www.staffsante.fr\/contenu\/#website","url":"https:\/\/www.staffsante.fr\/contenu\/","name":"STAFFSANT\u00c9","description":"L&#039;actualit\u00e9 carri\u00e8re des professionnels de sant\u00e9","publisher":{"@id":"https:\/\/www.staffsante.fr\/contenu\/#organization"},"potentialAction":[{"@type":"SearchAction","target":{"@type":"EntryPoint","urlTemplate":"https:\/\/www.staffsante.fr\/contenu\/?s={search_term_string}"},"query-input":"required name=search_term_string"}],"inLanguage":"fr-FR"},{"@type":"Organization","@id":"https:\/\/www.staffsante.fr\/contenu\/#organization","name":"Staffsant\u00e9","url":"https:\/\/www.staffsante.fr\/contenu\/","logo":{"@type":"ImageObject","inLanguage":"fr-FR","@id":"https:\/\/www.staffsante.fr\/contenu\/#\/schema\/logo\/image\/","url":"https:\/\/content.staffsante.fr\/wp-content\/uploads\/2017\/06\/Staffsante.jpg","contentUrl":"https:\/\/content.staffsante.fr\/wp-content\/uploads\/2017\/06\/Staffsante.jpg","width":2225,"height":592,"caption":"Staffsant\u00e9"},"image":{"@id":"https:\/\/www.staffsante.fr\/contenu\/#\/schema\/logo\/image\/"}},{"@type":"Person","@id":"https:\/\/www.staffsante.fr\/contenu\/#\/schema\/person\/8cea5b012277ab5dd4995aec10f20b0c","name":"admin_staff_content","image":{"@type":"ImageObject","inLanguage":"fr-FR","@id":"https:\/\/www.staffsante.fr\/contenu\/#\/schema\/person\/image\/","url":"http:\/\/2.gravatar.com\/avatar\/2b9ac03912eb39091678a45d1b4c36c0?s=96&d=mm&r=g","contentUrl":"http:\/\/2.gravatar.com\/avatar\/2b9ac03912eb39091678a45d1b4c36c0?s=96&d=mm&r=g","caption":"admin_staff_content"}}]}},"_links":{"self":[{"href":"https:\/\/www.staffsante.fr\/contenu\/wp-json\/wp\/v2\/posts\/2799"}],"collection":[{"href":"https:\/\/www.staffsante.fr\/contenu\/wp-json\/wp\/v2\/posts"}],"about":[{"href":"https:\/\/www.staffsante.fr\/contenu\/wp-json\/wp\/v2\/types\/post"}],"author":[{"embeddable":true,"href":"https:\/\/www.staffsante.fr\/contenu\/wp-json\/wp\/v2\/users\/1"}],"replies":[{"embeddable":true,"href":"https:\/\/www.staffsante.fr\/contenu\/wp-json\/wp\/v2\/comments?post=2799"}],"version-history":[{"count":9,"href":"https:\/\/www.staffsante.fr\/contenu\/wp-json\/wp\/v2\/posts\/2799\/revisions"}],"predecessor-version":[{"id":12957,"href":"https:\/\/www.staffsante.fr\/contenu\/wp-json\/wp\/v2\/posts\/2799\/revisions\/12957"}],"wp:attachment":[{"href":"https:\/\/www.staffsante.fr\/contenu\/wp-json\/wp\/v2\/media?parent=2799"}],"wp:term":[{"taxonomy":"category","embeddable":true,"href":"https:\/\/www.staffsante.fr\/contenu\/wp-json\/wp\/v2\/categories?post=2799"},{"taxonomy":"post_tag","embeddable":true,"href":"https:\/\/www.staffsante.fr\/contenu\/wp-json\/wp\/v2\/tags?post=2799"}],"curies":[{"name":"wp","href":"https:\/\/api.w.org\/{rel}","templated":true}]}}