

{"id":3310,"date":"2014-03-14T15:06:23","date_gmt":"2014-03-14T15:06:23","guid":{"rendered":"http:\/\/content.staffsante.fr\/?p=3310"},"modified":"2017-08-09T07:42:40","modified_gmt":"2017-08-09T07:42:40","slug":"le-secteur-de-la-sante-fait-un-burn-out","status":"publish","type":"post","link":"https:\/\/www.staffsante.fr\/contenu\/le-secteur-de-la-sante-fait-un-burn-out\/","title":{"rendered":"Les secteurs de la sant\u00e9 et du social font un burn-out"},"content":{"rendered":"<p>V\u00e9ritable fl\u00e9au, le burn-out peut toucher n&#8217;importe quel salari\u00e9 et cela dans tous types de milieux professionnels. Un secteur est davantage concern\u00e9, il s&#8217;agit de la sant\u00e9. Aide-soignant, infirmier et m\u00eame m\u00e9decin : ils passent leur vie au service des autres. Aujourd\u2019hui ce sont eux qui n\u00e9cessitent une attention particuli\u00e8re.<!--more--><\/p>\n<p><span style=\"font-size: medium;\">Le burn-out, qu&#8217;est-ce que c&#8217;est ?<\/span><\/p>\n<p>Le burn-out est aussi appel\u00e9 &#8220;le syndrome d&#8217;\u00e9puisement professionnel&#8221;. Cette maladie se caract\u00e9rise par une modification du comportement au travail, due \u00e0 un stress important. Les sympt\u00f4mes sont les suivants : fatigue physique et \u00e9motionnelle, troubles du sommeil, peur d&#8217;\u00e9chouer, d\u00e9pression et angoisse.<\/p>\n<p><span style=\"font-size: medium;\">Pourquoi le secteur de la sant\u00e9 est-il le premier concern\u00e9 ?<\/span><\/p>\n<p>Le burn-out touche, en premier lieu, les professionnels travaillent au service d&#8217;autres personnes. c&#8217;est pourquoi les travailleurs sanitaires et sociaux sont les plus concern\u00e9s.<br \/>\nLes raisons sont nombreuses. On constate que la charge de travail est de plus en plus importante. les \u00e9tablissements, par manque de moyens, peinent \u00e0 embaucher. Cette p\u00e9nurie du personnel fait qu&#8217;on en demande toujours plus aux salari\u00e9s.<br \/>\n\u00c0 cela s&#8217;ajoute des horaires souvent peu compatibles avec une vie de famille, un rythme de travail important, une pression professionnelle de plus en plus forte, un manque de reconnaissance et, par cons\u00e9quent une ambiance au travail qui se d\u00e9grade.<\/p>\n<p><span style=\"font-size: medium;\">Comment lutter contre le burn-out ?<\/span><\/p>\n<p>Les cons\u00e9quences d&#8217;un burn-out peuvent \u00eatre d\u00e9sastreuses et la reconstruction est longue. pour \u00e9viter au burn-out de s&#8217;installer, il est important que celui-ci soit pris en charge au plus t\u00f4t.<br \/>\nN&#8217;h\u00e9sitez pas \u00e0 en parler \u00e0 vos proches, car il est important de ne pas rompre le dialogue. Pensez \u00e0 vous et acceptez d&#8217;\u00eatre mis au repos si cela est n\u00e9cessaire.<br \/>\nEnfin, il est \u00e9galement indispensable d&#8217;avoir un accompagnement psychologique. Cela vous aidera \u00e0 comprendre ce qui vous arrive et \u00e0 prendre du recul pour d\u00e9passer cette p\u00e9riode.<\/p>\n<p>&nbsp;<\/p>\n","protected":false},"excerpt":{"rendered":"<p>V\u00e9ritable fl\u00e9au, le burn-out peut toucher n&#8217;importe quel salari\u00e9 et cela dans tous types de milieux professionnels. Un secteur est davantage concern\u00e9, il s&#8217;agit de la sant\u00e9. Aide-soignant, infirmier et [&hellip;]<\/p>\n","protected":false},"author":1,"featured_media":0,"comment_status":"open","ping_status":"open","sticky":false,"template":"","format":"standard","meta":[],"categories":[2],"tags":[354,50,14,332,355],"acf":[],"yoast_head":"<!-- This site is optimized with the Yoast SEO plugin v19.14 - https:\/\/yoast.com\/wordpress\/plugins\/seo\/ -->\n<title>Les secteurs de la sant\u00e9 et du social font un burn-out | STAFFSANT\u00c9<\/title>\n<meta name=\"description\" content=\"V\u00e9ritable fl\u00e9au, le burn-out peut toucher n&#039;importe quel salari\u00e9 et cela dans tous types de milieux professionnels. Un secteur est davantage concern\u00e9, il\" \/>\n<meta name=\"robots\" content=\"index, follow, max-snippet:-1, max-image-preview:large, max-video-preview:-1\" \/>\n<link rel=\"canonical\" href=\"https:\/\/www.staffsante.fr\/contenu\/le-secteur-de-la-sante-fait-un-burn-out\/\" \/>\n<meta property=\"og:locale\" content=\"fr_FR\" \/>\n<meta property=\"og:type\" content=\"article\" \/>\n<meta property=\"og:title\" content=\"Les secteurs de la sant\u00e9 et du social font un burn-out | STAFFSANT\u00c9\" \/>\n<meta property=\"og:description\" content=\"V\u00e9ritable fl\u00e9au, le burn-out peut toucher n&#039;importe quel salari\u00e9 et cela dans tous types de milieux professionnels. Un secteur est davantage concern\u00e9, il\" \/>\n<meta property=\"og:url\" content=\"https:\/\/www.staffsante.fr\/contenu\/le-secteur-de-la-sante-fait-un-burn-out\/\" \/>\n<meta property=\"og:site_name\" content=\"STAFFSANT\u00c9\" \/>\n<meta property=\"article:published_time\" content=\"2014-03-14T15:06:23+00:00\" \/>\n<meta property=\"article:modified_time\" content=\"2017-08-09T07:42:40+00:00\" \/>\n<meta name=\"author\" content=\"admin_staff_content\" \/>\n<meta name=\"twitter:card\" content=\"summary_large_image\" \/>\n<meta name=\"twitter:label1\" content=\"\u00c9crit par\" \/>\n\t<meta name=\"twitter:data1\" content=\"admin_staff_content\" \/>\n\t<meta name=\"twitter:label2\" content=\"Dur\u00e9e de lecture estim\u00e9e\" \/>\n\t<meta name=\"twitter:data2\" content=\"2 minutes\" \/>\n<script type=\"application\/ld+json\" class=\"yoast-schema-graph\">{\"@context\":\"https:\/\/schema.org\",\"@graph\":[{\"@type\":\"Article\",\"@id\":\"https:\/\/www.staffsante.fr\/contenu\/le-secteur-de-la-sante-fait-un-burn-out\/#article\",\"isPartOf\":{\"@id\":\"https:\/\/www.staffsante.fr\/contenu\/le-secteur-de-la-sante-fait-un-burn-out\/\"},\"author\":{\"name\":\"admin_staff_content\",\"@id\":\"https:\/\/www.staffsante.fr\/contenu\/#\/schema\/person\/8cea5b012277ab5dd4995aec10f20b0c\"},\"headline\":\"Les secteurs de la sant\u00e9 et du social font un burn-out\",\"datePublished\":\"2014-03-14T15:06:23+00:00\",\"dateModified\":\"2017-08-09T07:42:40+00:00\",\"mainEntityOfPage\":{\"@id\":\"https:\/\/www.staffsante.fr\/contenu\/le-secteur-de-la-sante-fait-un-burn-out\/\"},\"wordCount\":330,\"commentCount\":10,\"publisher\":{\"@id\":\"https:\/\/www.staffsante.fr\/contenu\/#organization\"},\"keywords\":[\"burn-out\",\"\u00e9tablissement de sant\u00e9\",\"infirmier\",\"m\u00e9decins\",\"soci\u00e9t\u00e9\"],\"articleSection\":[\"Actualit\u00e9s\"],\"inLanguage\":\"fr-FR\"},{\"@type\":\"WebPage\",\"@id\":\"https:\/\/www.staffsante.fr\/contenu\/le-secteur-de-la-sante-fait-un-burn-out\/\",\"url\":\"https:\/\/www.staffsante.fr\/contenu\/le-secteur-de-la-sante-fait-un-burn-out\/\",\"name\":\"Les secteurs de la sant\u00e9 et du social font un burn-out | STAFFSANT\u00c9\",\"isPartOf\":{\"@id\":\"https:\/\/www.staffsante.fr\/contenu\/#website\"},\"datePublished\":\"2014-03-14T15:06:23+00:00\",\"dateModified\":\"2017-08-09T07:42:40+00:00\",\"description\":\"V\u00e9ritable fl\u00e9au, le burn-out peut toucher n'importe quel salari\u00e9 et cela dans tous types de milieux professionnels. Un secteur est davantage concern\u00e9, il\",\"breadcrumb\":{\"@id\":\"https:\/\/www.staffsante.fr\/contenu\/le-secteur-de-la-sante-fait-un-burn-out\/#breadcrumb\"},\"inLanguage\":\"fr-FR\",\"potentialAction\":[{\"@type\":\"ReadAction\",\"target\":[\"https:\/\/www.staffsante.fr\/contenu\/le-secteur-de-la-sante-fait-un-burn-out\/\"]}]},{\"@type\":\"BreadcrumbList\",\"@id\":\"https:\/\/www.staffsante.fr\/contenu\/le-secteur-de-la-sante-fait-un-burn-out\/#breadcrumb\",\"itemListElement\":[{\"@type\":\"ListItem\",\"position\":1,\"name\":\"Home\",\"item\":\"https:\/\/www.staffsante.fr\/contenu\/\"},{\"@type\":\"ListItem\",\"position\":2,\"name\":\"Les secteurs de la sant\u00e9 et du social font un burn-out\"}]},{\"@type\":\"WebSite\",\"@id\":\"https:\/\/www.staffsante.fr\/contenu\/#website\",\"url\":\"https:\/\/www.staffsante.fr\/contenu\/\",\"name\":\"STAFFSANT\u00c9\",\"description\":\"L&#039;actualit\u00e9 carri\u00e8re des professionnels de sant\u00e9\",\"publisher\":{\"@id\":\"https:\/\/www.staffsante.fr\/contenu\/#organization\"},\"potentialAction\":[{\"@type\":\"SearchAction\",\"target\":{\"@type\":\"EntryPoint\",\"urlTemplate\":\"https:\/\/www.staffsante.fr\/contenu\/?s={search_term_string}\"},\"query-input\":\"required name=search_term_string\"}],\"inLanguage\":\"fr-FR\"},{\"@type\":\"Organization\",\"@id\":\"https:\/\/www.staffsante.fr\/contenu\/#organization\",\"name\":\"Staffsant\u00e9\",\"url\":\"https:\/\/www.staffsante.fr\/contenu\/\",\"logo\":{\"@type\":\"ImageObject\",\"inLanguage\":\"fr-FR\",\"@id\":\"https:\/\/www.staffsante.fr\/contenu\/#\/schema\/logo\/image\/\",\"url\":\"https:\/\/content.staffsante.fr\/wp-content\/uploads\/2017\/06\/Staffsante.jpg\",\"contentUrl\":\"https:\/\/content.staffsante.fr\/wp-content\/uploads\/2017\/06\/Staffsante.jpg\",\"width\":2225,\"height\":592,\"caption\":\"Staffsant\u00e9\"},\"image\":{\"@id\":\"https:\/\/www.staffsante.fr\/contenu\/#\/schema\/logo\/image\/\"}},{\"@type\":\"Person\",\"@id\":\"https:\/\/www.staffsante.fr\/contenu\/#\/schema\/person\/8cea5b012277ab5dd4995aec10f20b0c\",\"name\":\"admin_staff_content\",\"image\":{\"@type\":\"ImageObject\",\"inLanguage\":\"fr-FR\",\"@id\":\"https:\/\/www.staffsante.fr\/contenu\/#\/schema\/person\/image\/\",\"url\":\"http:\/\/2.gravatar.com\/avatar\/2b9ac03912eb39091678a45d1b4c36c0?s=96&d=mm&r=g\",\"contentUrl\":\"http:\/\/2.gravatar.com\/avatar\/2b9ac03912eb39091678a45d1b4c36c0?s=96&d=mm&r=g\",\"caption\":\"admin_staff_content\"}}]}<\/script>\n<!-- \/ Yoast SEO plugin. -->","yoast_head_json":{"title":"Les secteurs de la sant\u00e9 et du social font un burn-out | STAFFSANT\u00c9","description":"V\u00e9ritable fl\u00e9au, le burn-out peut toucher n'importe quel salari\u00e9 et cela dans tous types de milieux professionnels. Un secteur est davantage concern\u00e9, il","robots":{"index":"index","follow":"follow","max-snippet":"max-snippet:-1","max-image-preview":"max-image-preview:large","max-video-preview":"max-video-preview:-1"},"canonical":"https:\/\/www.staffsante.fr\/contenu\/le-secteur-de-la-sante-fait-un-burn-out\/","og_locale":"fr_FR","og_type":"article","og_title":"Les secteurs de la sant\u00e9 et du social font un burn-out | STAFFSANT\u00c9","og_description":"V\u00e9ritable fl\u00e9au, le burn-out peut toucher n'importe quel salari\u00e9 et cela dans tous types de milieux professionnels. Un secteur est davantage concern\u00e9, il","og_url":"https:\/\/www.staffsante.fr\/contenu\/le-secteur-de-la-sante-fait-un-burn-out\/","og_site_name":"STAFFSANT\u00c9","article_published_time":"2014-03-14T15:06:23+00:00","article_modified_time":"2017-08-09T07:42:40+00:00","author":"admin_staff_content","twitter_card":"summary_large_image","twitter_misc":{"\u00c9crit par":"admin_staff_content","Dur\u00e9e de lecture estim\u00e9e":"2 minutes"},"schema":{"@context":"https:\/\/schema.org","@graph":[{"@type":"Article","@id":"https:\/\/www.staffsante.fr\/contenu\/le-secteur-de-la-sante-fait-un-burn-out\/#article","isPartOf":{"@id":"https:\/\/www.staffsante.fr\/contenu\/le-secteur-de-la-sante-fait-un-burn-out\/"},"author":{"name":"admin_staff_content","@id":"https:\/\/www.staffsante.fr\/contenu\/#\/schema\/person\/8cea5b012277ab5dd4995aec10f20b0c"},"headline":"Les secteurs de la sant\u00e9 et du social font un burn-out","datePublished":"2014-03-14T15:06:23+00:00","dateModified":"2017-08-09T07:42:40+00:00","mainEntityOfPage":{"@id":"https:\/\/www.staffsante.fr\/contenu\/le-secteur-de-la-sante-fait-un-burn-out\/"},"wordCount":330,"commentCount":10,"publisher":{"@id":"https:\/\/www.staffsante.fr\/contenu\/#organization"},"keywords":["burn-out","\u00e9tablissement de sant\u00e9","infirmier","m\u00e9decins","soci\u00e9t\u00e9"],"articleSection":["Actualit\u00e9s"],"inLanguage":"fr-FR"},{"@type":"WebPage","@id":"https:\/\/www.staffsante.fr\/contenu\/le-secteur-de-la-sante-fait-un-burn-out\/","url":"https:\/\/www.staffsante.fr\/contenu\/le-secteur-de-la-sante-fait-un-burn-out\/","name":"Les secteurs de la sant\u00e9 et du social font un burn-out | STAFFSANT\u00c9","isPartOf":{"@id":"https:\/\/www.staffsante.fr\/contenu\/#website"},"datePublished":"2014-03-14T15:06:23+00:00","dateModified":"2017-08-09T07:42:40+00:00","description":"V\u00e9ritable fl\u00e9au, le burn-out peut toucher n'importe quel salari\u00e9 et cela dans tous types de milieux professionnels. Un secteur est davantage concern\u00e9, il","breadcrumb":{"@id":"https:\/\/www.staffsante.fr\/contenu\/le-secteur-de-la-sante-fait-un-burn-out\/#breadcrumb"},"inLanguage":"fr-FR","potentialAction":[{"@type":"ReadAction","target":["https:\/\/www.staffsante.fr\/contenu\/le-secteur-de-la-sante-fait-un-burn-out\/"]}]},{"@type":"BreadcrumbList","@id":"https:\/\/www.staffsante.fr\/contenu\/le-secteur-de-la-sante-fait-un-burn-out\/#breadcrumb","itemListElement":[{"@type":"ListItem","position":1,"name":"Home","item":"https:\/\/www.staffsante.fr\/contenu\/"},{"@type":"ListItem","position":2,"name":"Les secteurs de la sant\u00e9 et du social font un burn-out"}]},{"@type":"WebSite","@id":"https:\/\/www.staffsante.fr\/contenu\/#website","url":"https:\/\/www.staffsante.fr\/contenu\/","name":"STAFFSANT\u00c9","description":"L&#039;actualit\u00e9 carri\u00e8re des professionnels de sant\u00e9","publisher":{"@id":"https:\/\/www.staffsante.fr\/contenu\/#organization"},"potentialAction":[{"@type":"SearchAction","target":{"@type":"EntryPoint","urlTemplate":"https:\/\/www.staffsante.fr\/contenu\/?s={search_term_string}"},"query-input":"required name=search_term_string"}],"inLanguage":"fr-FR"},{"@type":"Organization","@id":"https:\/\/www.staffsante.fr\/contenu\/#organization","name":"Staffsant\u00e9","url":"https:\/\/www.staffsante.fr\/contenu\/","logo":{"@type":"ImageObject","inLanguage":"fr-FR","@id":"https:\/\/www.staffsante.fr\/contenu\/#\/schema\/logo\/image\/","url":"https:\/\/content.staffsante.fr\/wp-content\/uploads\/2017\/06\/Staffsante.jpg","contentUrl":"https:\/\/content.staffsante.fr\/wp-content\/uploads\/2017\/06\/Staffsante.jpg","width":2225,"height":592,"caption":"Staffsant\u00e9"},"image":{"@id":"https:\/\/www.staffsante.fr\/contenu\/#\/schema\/logo\/image\/"}},{"@type":"Person","@id":"https:\/\/www.staffsante.fr\/contenu\/#\/schema\/person\/8cea5b012277ab5dd4995aec10f20b0c","name":"admin_staff_content","image":{"@type":"ImageObject","inLanguage":"fr-FR","@id":"https:\/\/www.staffsante.fr\/contenu\/#\/schema\/person\/image\/","url":"http:\/\/2.gravatar.com\/avatar\/2b9ac03912eb39091678a45d1b4c36c0?s=96&d=mm&r=g","contentUrl":"http:\/\/2.gravatar.com\/avatar\/2b9ac03912eb39091678a45d1b4c36c0?s=96&d=mm&r=g","caption":"admin_staff_content"}}]}},"_links":{"self":[{"href":"https:\/\/www.staffsante.fr\/contenu\/wp-json\/wp\/v2\/posts\/3310"}],"collection":[{"href":"https:\/\/www.staffsante.fr\/contenu\/wp-json\/wp\/v2\/posts"}],"about":[{"href":"https:\/\/www.staffsante.fr\/contenu\/wp-json\/wp\/v2\/types\/post"}],"author":[{"embeddable":true,"href":"https:\/\/www.staffsante.fr\/contenu\/wp-json\/wp\/v2\/users\/1"}],"replies":[{"embeddable":true,"href":"https:\/\/www.staffsante.fr\/contenu\/wp-json\/wp\/v2\/comments?post=3310"}],"version-history":[{"count":1,"href":"https:\/\/www.staffsante.fr\/contenu\/wp-json\/wp\/v2\/posts\/3310\/revisions"}],"predecessor-version":[{"id":4100,"href":"https:\/\/www.staffsante.fr\/contenu\/wp-json\/wp\/v2\/posts\/3310\/revisions\/4100"}],"wp:attachment":[{"href":"https:\/\/www.staffsante.fr\/contenu\/wp-json\/wp\/v2\/media?parent=3310"}],"wp:term":[{"taxonomy":"category","embeddable":true,"href":"https:\/\/www.staffsante.fr\/contenu\/wp-json\/wp\/v2\/categories?post=3310"},{"taxonomy":"post_tag","embeddable":true,"href":"https:\/\/www.staffsante.fr\/contenu\/wp-json\/wp\/v2\/tags?post=3310"}],"curies":[{"name":"wp","href":"https:\/\/api.w.org\/{rel}","templated":true}]}}