

{"id":3408,"date":"2014-06-18T11:42:54","date_gmt":"2014-06-18T11:42:54","guid":{"rendered":"http:\/\/content.staffsante.fr\/?p=3408"},"modified":"2026-04-22T17:04:24","modified_gmt":"2026-04-22T15:04:24","slug":"exemple-cv-cadre-infirmier","status":"publish","type":"post","link":"https:\/\/www.staffsante.fr\/contenu\/exemple-cv-cadre-infirmier\/","title":{"rendered":"Exemple CV Cadre Infirmier"},"content":{"rendered":"<figure class=\"visucvlettre\"><a title=\"CV Cadre Infirmier pdf\" href=\"https:\/\/content.staffsante.fr\/wp-content\/uploads\/2014\/06\/Exemple-CV-Cadre-infirmier.pdf\" target=\"_blank\" rel=\"noopener\"><img loading=\"lazy\" src=\"https:\/\/content.staffsante.fr\/wp-content\/uploads\/2018\/02\/exemple-CV-cadre-infirmier.png\" alt=\"CV Cadre Infirmier pdf\" width=\"250\" height=\"354\" \/><\/a><figcaption>CV Cadre Infirmier<\/figcaption><\/figure>\n<p>Le CV est un outil strat\u00e9gique dans la recherche d&#8217;emploi. Son contenu et sa structure doivent \u00eatre soign\u00e9s afin de faciliter la lecture et la compr\u00e9hension de votre parcours par le recruteur.<!--more--><\/p>\n<p>En g\u00e9n\u00e9ral, le CV est compos\u00e9 de quatre grandes parties :<\/p>\n<p><span style=\"font-size: medium;\">L&#8217;\u00e9tat civil<\/span><\/p>\n<p>Cet \u00e9l\u00e9ment constituera votre carte de visite. En un seul coup d\u2019\u0153il le recruteur conna\u00eetra votre identit\u00e9. L&#8217;\u00e9tat civil est compos\u00e9 de vos nom et pr\u00e9nom, \u00e2ge, num\u00e9ro de t\u00e9l\u00e9phone, email et adresse. Il est pr\u00e9f\u00e9rable de mettre en avant la possession du permis B, si vous l&#8217;avez.<\/p>\n<p><span style=\"font-size: medium;\">Le titre<\/span><\/p>\n<p>Il est important de titre votre CV. D&#8217;une part, il facilitera la lecture du recruteur, d&#8217;autre part, il lui indiquera le poste que vous occupez actuellement et\/ou que vous convoitez.<\/p>\n<p><span style=\"font-size: medium;\">Les formations<\/span><\/p>\n<p>Le parcours scolaire et les formations professionnelles sont des \u00e9l\u00e9ments importants pour le recruteur. Ils d\u00e9crivent le chemin que vous avez trac\u00e9 et peuvent \u00e9galement refl\u00e9ter une partie de votre personnalit\u00e9. En revanche, ne surchargez pas votre CV d&#8217;informations peu utiles pour le poste souhait\u00e9.<\/p>\n<p><span style=\"font-size: medium;\">L&#8217;exp\u00e9rience professionnelle<\/span><\/p>\n<p>C&#8217;est sans aucun doute la rubrique le plus importante du CV. Elle d\u00e9crira vos emplois ainsi que les t\u00e2ches et missions que vous avez pu effectuer. Les exp\u00e9riences professionnelles doivent \u00eatre d\u00e9taill\u00e9es dans le CV. N&#8217;oubliez pas de pr\u00e9ciser pour chaque exp\u00e9rience : l&#8217;intitul\u00e9 du poste, le type de contrat, l&#8217;\u00e9tablissement et la ville o\u00f9 vous exerc\u00e9.<\/p>\n<p><strong>Marion Lenfant<\/strong><br \/>\n06 00 00 00 00<br \/>\nmarion.lft@cadreinfirmier.fr<br \/>\n27 rue du moulin<br \/>\n59240 Dunkerque<br \/>\n33 ans<\/p>\n<p style=\"text-align: center;\"><span style=\"text-decoration: underline; color: #0000ff;\"><strong>Cadre infirmier exp\u00e9riment\u00e9e<\/strong><\/span><\/p>\n<p style=\"text-align: center;\"><strong><span style=\"color: #0000ff;\">Exp\u00e9riences professionnelles<\/span><\/strong><\/p>\n<p><em><strong>De septembre 2007 \u00e0 novembre 2013<\/strong><\/em>\u00a0: Cadre sant\u00e9 au Centre Hospitalier de Dunkerque au service g\u00e9riatrique<br \/>\n&#8211; Organisation des soins<br \/>\n&#8211; Responsabilit\u00e9 en RH<br \/>\n&#8211; Gestion budg\u00e9taire<\/p>\n<p><em><strong>De septembre 2002 \u00e0 janvier 2007<\/strong><\/em>\u00a0: Infirmi\u00e8re \u00e0 la maison m\u00e9dicale \u00ab\u00a0Centre de Sant\u00e9 Roger Charles Vaillant\u00a0\u00bb &#8211; Dunkerque<\/p>\n<p style=\"text-align: center;\"><strong><span style=\"color: #0000ff;\">Comp\u00e9tences<\/span><\/strong><\/p>\n<p>&#8211; Ma\u00eetrise du Pack Office<br \/>\n&#8211; Ma\u00eetrise du logiciel m\u00e9dical Osiris<br \/>\n&#8211; Ma\u00eetrise des logiciels de soins Titan et Cristalnet<\/p>\n<p style=\"text-align: center;\"><strong><span style=\"color: #0000ff;\">Formations<\/span><\/strong><\/p>\n<p><em><strong>2007\u00a0<\/strong><\/em>: Pr\u00e9paration et obtention du concours Cadre de Sant\u00e9<br \/>\n<em><strong>2002<\/strong><\/em>\u00a0: Obtention du Dipl\u00f4me d\u2019\u00c9tat d&#8217;Infirmi\u00e8re (DEI) \u00e0 l&#8217;IFSI \u2013 Dunkerque<br \/>\n<em><strong>1999-2002<\/strong><\/em> : Pr\u00e9paration du dipl\u00f4me d\u2019\u00c9tat \u00e0 l\u2019IFSI \u2013 Dunkerque<br \/>\n<em><strong>1999<\/strong><\/em>\u00a0: Obtention du baccalaur\u00e9at scientifique au lyc\u00e9e Notre Dame des Dunes \u2013 Dunkerque<\/p>\n<p style=\"text-align: center;\"><strong><span style=\"color: #0000ff;\">Centres d&#8217;int\u00e9r\u00eat<\/span><\/strong><\/p>\n<p>Lecture de romans policiers<br \/>\nPhotographie<\/p>\n<p>T\u00e9l\u00e9charger le mod\u00e8le de CV Cadre infirmier en format pdf :\u00a0<a class=\"telechargement_CV_pdf\" href=\"https:\/\/content.staffsante.fr\/wp-content\/uploads\/2014\/06\/Exemple-CV-Cadre-infirmier.pdf\">Exemple CV Cadre infirmier<\/a><\/p>\n<p><span style=\"color: #444444;\">T\u00e9l\u00e9charger le mod\u00e8le de CV\u00a0Cadre infirmier\u00a0en format doc :\u00a0<a class=\"telechargement_CV_doc\" href=\"https:\/\/content.staffsante.fr\/wp-content\/uploads\/2014\/06\/Exemple-CV-Cadre-infirmier.doc\">Exemple CV Cadre infirmier<\/a><\/span><\/p>\n<h2>Trouvez votre prochain poste de cadre infirmier<\/h2>\n<div id=\"result_extract\"><\/div>\n","protected":false},"excerpt":{"rendered":"<p>CV Cadre Infirmier Le CV est un outil strat\u00e9gique dans la recherche d&#8217;emploi. Son contenu et sa structure doivent \u00eatre soign\u00e9s afin de faciliter la lecture et la compr\u00e9hension de [&hellip;]<\/p>\n","protected":false},"author":1,"featured_media":0,"comment_status":"closed","ping_status":"closed","sticky":false,"template":"","format":"standard","meta":[],"categories":[1],"tags":[369,370,17,371,9],"acf":[],"yoast_head":"<!-- This site is optimized with the Yoast SEO plugin v19.14 - https:\/\/yoast.com\/wordpress\/plugins\/seo\/ -->\n<title>Exemple CV Cadre Infirmier | STAFFSANT\u00c9<\/title>\n<meta name=\"description\" content=\"Besoin d\u2019aide pour r\u00e9diger votre CV de cadre infirmier ? Consultez notre exemple de CV et nos conseils\u00a0: simple et efficace pour \u00eatre recrut\u00e9 \u00e0 coup s\u00fbr\u00a0!\" \/>\n<meta name=\"robots\" content=\"index, follow, max-snippet:-1, max-image-preview:large, max-video-preview:-1\" \/>\n<link rel=\"canonical\" href=\"https:\/\/www.staffsante.fr\/contenu\/exemple-cv-cadre-infirmier\/\" \/>\n<meta property=\"og:locale\" content=\"fr_FR\" \/>\n<meta property=\"og:type\" content=\"article\" \/>\n<meta property=\"og:title\" content=\"Exemple CV Cadre Infirmier | STAFFSANT\u00c9\" \/>\n<meta property=\"og:description\" content=\"Besoin d\u2019aide pour r\u00e9diger votre CV de cadre infirmier ? Consultez notre exemple de CV et nos conseils\u00a0: simple et efficace pour \u00eatre recrut\u00e9 \u00e0 coup s\u00fbr\u00a0!\" \/>\n<meta property=\"og:url\" content=\"https:\/\/www.staffsante.fr\/contenu\/exemple-cv-cadre-infirmier\/\" \/>\n<meta property=\"og:site_name\" content=\"STAFFSANT\u00c9\" \/>\n<meta property=\"article:published_time\" content=\"2014-06-18T11:42:54+00:00\" \/>\n<meta property=\"article:modified_time\" content=\"2026-04-22T15:04:24+00:00\" \/>\n<meta property=\"og:image\" content=\"https:\/\/content.staffsante.fr\/wp-content\/uploads\/2018\/02\/exemple-CV-cadre-infirmier.png\" \/>\n<meta name=\"author\" content=\"admin_staff_content\" \/>\n<meta name=\"twitter:card\" content=\"summary_large_image\" \/>\n<meta name=\"twitter:label1\" content=\"\u00c9crit par\" \/>\n\t<meta name=\"twitter:data1\" content=\"admin_staff_content\" \/>\n\t<meta name=\"twitter:label2\" content=\"Dur\u00e9e de lecture estim\u00e9e\" \/>\n\t<meta name=\"twitter:data2\" content=\"3 minutes\" \/>\n<script type=\"application\/ld+json\" class=\"yoast-schema-graph\">{\"@context\":\"https:\/\/schema.org\",\"@graph\":[{\"@type\":\"Article\",\"@id\":\"https:\/\/www.staffsante.fr\/contenu\/exemple-cv-cadre-infirmier\/#article\",\"isPartOf\":{\"@id\":\"https:\/\/www.staffsante.fr\/contenu\/exemple-cv-cadre-infirmier\/\"},\"author\":{\"name\":\"admin_staff_content\",\"@id\":\"https:\/\/www.staffsante.fr\/contenu\/#\/schema\/person\/8cea5b012277ab5dd4995aec10f20b0c\"},\"headline\":\"Exemple CV Cadre Infirmier\",\"datePublished\":\"2014-06-18T11:42:54+00:00\",\"dateModified\":\"2026-04-22T15:04:24+00:00\",\"mainEntityOfPage\":{\"@id\":\"https:\/\/www.staffsante.fr\/contenu\/exemple-cv-cadre-infirmier\/\"},\"wordCount\":448,\"publisher\":{\"@id\":\"https:\/\/www.staffsante.fr\/contenu\/#organization\"},\"keywords\":[\"Cadre infirmier\",\"cadre sant\u00e9\",\"CV\",\"experiment\u00e9\",\"Sant\u00e9\"],\"articleSection\":[\"Exemples de CV et de lettres de motivation\"],\"inLanguage\":\"fr-FR\"},{\"@type\":\"WebPage\",\"@id\":\"https:\/\/www.staffsante.fr\/contenu\/exemple-cv-cadre-infirmier\/\",\"url\":\"https:\/\/www.staffsante.fr\/contenu\/exemple-cv-cadre-infirmier\/\",\"name\":\"Exemple CV Cadre Infirmier | STAFFSANT\u00c9\",\"isPartOf\":{\"@id\":\"https:\/\/www.staffsante.fr\/contenu\/#website\"},\"datePublished\":\"2014-06-18T11:42:54+00:00\",\"dateModified\":\"2026-04-22T15:04:24+00:00\",\"description\":\"Besoin d\u2019aide pour r\u00e9diger votre CV de cadre infirmier ? Consultez notre exemple de CV et nos conseils\u00a0: simple et efficace pour \u00eatre recrut\u00e9 \u00e0 coup s\u00fbr\u00a0!\",\"breadcrumb\":{\"@id\":\"https:\/\/www.staffsante.fr\/contenu\/exemple-cv-cadre-infirmier\/#breadcrumb\"},\"inLanguage\":\"fr-FR\",\"potentialAction\":[{\"@type\":\"ReadAction\",\"target\":[\"https:\/\/www.staffsante.fr\/contenu\/exemple-cv-cadre-infirmier\/\"]}]},{\"@type\":\"BreadcrumbList\",\"@id\":\"https:\/\/www.staffsante.fr\/contenu\/exemple-cv-cadre-infirmier\/#breadcrumb\",\"itemListElement\":[{\"@type\":\"ListItem\",\"position\":1,\"name\":\"Home\",\"item\":\"https:\/\/www.staffsante.fr\/contenu\/\"},{\"@type\":\"ListItem\",\"position\":2,\"name\":\"Exemple CV Cadre Infirmier\"}]},{\"@type\":\"WebSite\",\"@id\":\"https:\/\/www.staffsante.fr\/contenu\/#website\",\"url\":\"https:\/\/www.staffsante.fr\/contenu\/\",\"name\":\"STAFFSANT\u00c9\",\"description\":\"L&#039;actualit\u00e9 carri\u00e8re des professionnels de sant\u00e9\",\"publisher\":{\"@id\":\"https:\/\/www.staffsante.fr\/contenu\/#organization\"},\"potentialAction\":[{\"@type\":\"SearchAction\",\"target\":{\"@type\":\"EntryPoint\",\"urlTemplate\":\"https:\/\/www.staffsante.fr\/contenu\/?s={search_term_string}\"},\"query-input\":\"required name=search_term_string\"}],\"inLanguage\":\"fr-FR\"},{\"@type\":\"Organization\",\"@id\":\"https:\/\/www.staffsante.fr\/contenu\/#organization\",\"name\":\"Staffsant\u00e9\",\"url\":\"https:\/\/www.staffsante.fr\/contenu\/\",\"logo\":{\"@type\":\"ImageObject\",\"inLanguage\":\"fr-FR\",\"@id\":\"https:\/\/www.staffsante.fr\/contenu\/#\/schema\/logo\/image\/\",\"url\":\"https:\/\/content.staffsante.fr\/wp-content\/uploads\/2017\/06\/Staffsante.jpg\",\"contentUrl\":\"https:\/\/content.staffsante.fr\/wp-content\/uploads\/2017\/06\/Staffsante.jpg\",\"width\":2225,\"height\":592,\"caption\":\"Staffsant\u00e9\"},\"image\":{\"@id\":\"https:\/\/www.staffsante.fr\/contenu\/#\/schema\/logo\/image\/\"}},{\"@type\":\"Person\",\"@id\":\"https:\/\/www.staffsante.fr\/contenu\/#\/schema\/person\/8cea5b012277ab5dd4995aec10f20b0c\",\"name\":\"admin_staff_content\",\"image\":{\"@type\":\"ImageObject\",\"inLanguage\":\"fr-FR\",\"@id\":\"https:\/\/www.staffsante.fr\/contenu\/#\/schema\/person\/image\/\",\"url\":\"http:\/\/2.gravatar.com\/avatar\/2b9ac03912eb39091678a45d1b4c36c0?s=96&d=mm&r=g\",\"contentUrl\":\"http:\/\/2.gravatar.com\/avatar\/2b9ac03912eb39091678a45d1b4c36c0?s=96&d=mm&r=g\",\"caption\":\"admin_staff_content\"}}]}<\/script>\n<!-- \/ Yoast SEO plugin. -->","yoast_head_json":{"title":"Exemple CV Cadre Infirmier | STAFFSANT\u00c9","description":"Besoin d\u2019aide pour r\u00e9diger votre CV de cadre infirmier ? Consultez notre exemple de CV et nos conseils\u00a0: simple et efficace pour \u00eatre recrut\u00e9 \u00e0 coup s\u00fbr\u00a0!","robots":{"index":"index","follow":"follow","max-snippet":"max-snippet:-1","max-image-preview":"max-image-preview:large","max-video-preview":"max-video-preview:-1"},"canonical":"https:\/\/www.staffsante.fr\/contenu\/exemple-cv-cadre-infirmier\/","og_locale":"fr_FR","og_type":"article","og_title":"Exemple CV Cadre Infirmier | STAFFSANT\u00c9","og_description":"Besoin d\u2019aide pour r\u00e9diger votre CV de cadre infirmier ? Consultez notre exemple de CV et nos conseils\u00a0: simple et efficace pour \u00eatre recrut\u00e9 \u00e0 coup s\u00fbr\u00a0!","og_url":"https:\/\/www.staffsante.fr\/contenu\/exemple-cv-cadre-infirmier\/","og_site_name":"STAFFSANT\u00c9","article_published_time":"2014-06-18T11:42:54+00:00","article_modified_time":"2026-04-22T15:04:24+00:00","og_image":[{"url":"https:\/\/content.staffsante.fr\/wp-content\/uploads\/2018\/02\/exemple-CV-cadre-infirmier.png"}],"author":"admin_staff_content","twitter_card":"summary_large_image","twitter_misc":{"\u00c9crit par":"admin_staff_content","Dur\u00e9e de lecture estim\u00e9e":"3 minutes"},"schema":{"@context":"https:\/\/schema.org","@graph":[{"@type":"Article","@id":"https:\/\/www.staffsante.fr\/contenu\/exemple-cv-cadre-infirmier\/#article","isPartOf":{"@id":"https:\/\/www.staffsante.fr\/contenu\/exemple-cv-cadre-infirmier\/"},"author":{"name":"admin_staff_content","@id":"https:\/\/www.staffsante.fr\/contenu\/#\/schema\/person\/8cea5b012277ab5dd4995aec10f20b0c"},"headline":"Exemple CV Cadre Infirmier","datePublished":"2014-06-18T11:42:54+00:00","dateModified":"2026-04-22T15:04:24+00:00","mainEntityOfPage":{"@id":"https:\/\/www.staffsante.fr\/contenu\/exemple-cv-cadre-infirmier\/"},"wordCount":448,"publisher":{"@id":"https:\/\/www.staffsante.fr\/contenu\/#organization"},"keywords":["Cadre infirmier","cadre sant\u00e9","CV","experiment\u00e9","Sant\u00e9"],"articleSection":["Exemples de CV et de lettres de motivation"],"inLanguage":"fr-FR"},{"@type":"WebPage","@id":"https:\/\/www.staffsante.fr\/contenu\/exemple-cv-cadre-infirmier\/","url":"https:\/\/www.staffsante.fr\/contenu\/exemple-cv-cadre-infirmier\/","name":"Exemple CV Cadre Infirmier | STAFFSANT\u00c9","isPartOf":{"@id":"https:\/\/www.staffsante.fr\/contenu\/#website"},"datePublished":"2014-06-18T11:42:54+00:00","dateModified":"2026-04-22T15:04:24+00:00","description":"Besoin d\u2019aide pour r\u00e9diger votre CV de cadre infirmier ? Consultez notre exemple de CV et nos conseils\u00a0: simple et efficace pour \u00eatre recrut\u00e9 \u00e0 coup s\u00fbr\u00a0!","breadcrumb":{"@id":"https:\/\/www.staffsante.fr\/contenu\/exemple-cv-cadre-infirmier\/#breadcrumb"},"inLanguage":"fr-FR","potentialAction":[{"@type":"ReadAction","target":["https:\/\/www.staffsante.fr\/contenu\/exemple-cv-cadre-infirmier\/"]}]},{"@type":"BreadcrumbList","@id":"https:\/\/www.staffsante.fr\/contenu\/exemple-cv-cadre-infirmier\/#breadcrumb","itemListElement":[{"@type":"ListItem","position":1,"name":"Home","item":"https:\/\/www.staffsante.fr\/contenu\/"},{"@type":"ListItem","position":2,"name":"Exemple CV Cadre Infirmier"}]},{"@type":"WebSite","@id":"https:\/\/www.staffsante.fr\/contenu\/#website","url":"https:\/\/www.staffsante.fr\/contenu\/","name":"STAFFSANT\u00c9","description":"L&#039;actualit\u00e9 carri\u00e8re des professionnels de sant\u00e9","publisher":{"@id":"https:\/\/www.staffsante.fr\/contenu\/#organization"},"potentialAction":[{"@type":"SearchAction","target":{"@type":"EntryPoint","urlTemplate":"https:\/\/www.staffsante.fr\/contenu\/?s={search_term_string}"},"query-input":"required name=search_term_string"}],"inLanguage":"fr-FR"},{"@type":"Organization","@id":"https:\/\/www.staffsante.fr\/contenu\/#organization","name":"Staffsant\u00e9","url":"https:\/\/www.staffsante.fr\/contenu\/","logo":{"@type":"ImageObject","inLanguage":"fr-FR","@id":"https:\/\/www.staffsante.fr\/contenu\/#\/schema\/logo\/image\/","url":"https:\/\/content.staffsante.fr\/wp-content\/uploads\/2017\/06\/Staffsante.jpg","contentUrl":"https:\/\/content.staffsante.fr\/wp-content\/uploads\/2017\/06\/Staffsante.jpg","width":2225,"height":592,"caption":"Staffsant\u00e9"},"image":{"@id":"https:\/\/www.staffsante.fr\/contenu\/#\/schema\/logo\/image\/"}},{"@type":"Person","@id":"https:\/\/www.staffsante.fr\/contenu\/#\/schema\/person\/8cea5b012277ab5dd4995aec10f20b0c","name":"admin_staff_content","image":{"@type":"ImageObject","inLanguage":"fr-FR","@id":"https:\/\/www.staffsante.fr\/contenu\/#\/schema\/person\/image\/","url":"http:\/\/2.gravatar.com\/avatar\/2b9ac03912eb39091678a45d1b4c36c0?s=96&d=mm&r=g","contentUrl":"http:\/\/2.gravatar.com\/avatar\/2b9ac03912eb39091678a45d1b4c36c0?s=96&d=mm&r=g","caption":"admin_staff_content"}}]}},"_links":{"self":[{"href":"https:\/\/www.staffsante.fr\/contenu\/wp-json\/wp\/v2\/posts\/3408"}],"collection":[{"href":"https:\/\/www.staffsante.fr\/contenu\/wp-json\/wp\/v2\/posts"}],"about":[{"href":"https:\/\/www.staffsante.fr\/contenu\/wp-json\/wp\/v2\/types\/post"}],"author":[{"embeddable":true,"href":"https:\/\/www.staffsante.fr\/contenu\/wp-json\/wp\/v2\/users\/1"}],"replies":[{"embeddable":true,"href":"https:\/\/www.staffsante.fr\/contenu\/wp-json\/wp\/v2\/comments?post=3408"}],"version-history":[{"count":9,"href":"https:\/\/www.staffsante.fr\/contenu\/wp-json\/wp\/v2\/posts\/3408\/revisions"}],"predecessor-version":[{"id":12955,"href":"https:\/\/www.staffsante.fr\/contenu\/wp-json\/wp\/v2\/posts\/3408\/revisions\/12955"}],"wp:attachment":[{"href":"https:\/\/www.staffsante.fr\/contenu\/wp-json\/wp\/v2\/media?parent=3408"}],"wp:term":[{"taxonomy":"category","embeddable":true,"href":"https:\/\/www.staffsante.fr\/contenu\/wp-json\/wp\/v2\/categories?post=3408"},{"taxonomy":"post_tag","embeddable":true,"href":"https:\/\/www.staffsante.fr\/contenu\/wp-json\/wp\/v2\/tags?post=3408"}],"curies":[{"name":"wp","href":"https:\/\/api.w.org\/{rel}","templated":true}]}}