

{"id":3557,"date":"2014-09-30T11:19:13","date_gmt":"2014-09-30T11:19:13","guid":{"rendered":"http:\/\/content.staffsante.fr\/?p=3557"},"modified":"2026-04-22T17:04:09","modified_gmt":"2026-04-22T15:04:09","slug":"exemple-de-cv-ambulancier","status":"publish","type":"post","link":"https:\/\/www.staffsante.fr\/contenu\/exemple-de-cv-ambulancier\/","title":{"rendered":"Exemple de CV Ambulancier"},"content":{"rendered":"<figure class=\"visucvlettre\"><a title=\"CV Ambulancier pdf\" href=\"https:\/\/content.staffsante.fr\/wp-content\/uploads\/2014\/09\/CV-ambulancier.pdf\" target=\"_blank\" rel=\"noopener\"><img loading=\"lazy\" src=\"https:\/\/content.staffsante.fr\/wp-content\/uploads\/2018\/02\/CV-ambulancier.png\" alt=\"CV Ambulancier pdf\" width=\"250\" height=\"354\" \/><\/a><figcaption>CV Ambulancier<\/figcaption><\/figure>\n<p>Avec Staffsant\u00e9, retrouvez de nombreux exemples de CV. Pour optimiser vos chances de r\u00e9ussite et obtenir un entretien, il est important de r\u00e9aliser un CV qui met en valeur vos atouts.<\/p>\n<p><span style=\"font-size: medium;\">Exp\u00e9riences professionnelles<\/span><\/p>\n<p>Si vous \u00eates jeune dipl\u00f4m\u00e9 ou que vous avez peu d&#8217;exp\u00e9rience en lien avec le poste convoit\u00e9, il est essentiel de mettre l&#8217;accent sur vos comp\u00e9tences plut\u00f4t que sur votre exp\u00e9rience. Pour cela, n&#8217;h\u00e9sitez pas \u00e0 enrichir la rubrique &#8220;Exp\u00e9riences professionnelles&#8221; en mentionnant vos comp\u00e9tences et les activit\u00e9s r\u00e9alis\u00e9es. Ainsi, le recruteur pourra constater rapidement votre savoir-faire. Les stages effectu\u00e9s durant la scolarit\u00e9 peuvent \u00e9galement \u00eatre mentionn\u00e9s.<br \/>\nSi vous \u00eates exp\u00e9riment\u00e9, inutile de les faire figurer sur votre CV\u00a0car id\u00e9alement il\u00a0ne doit pas faire plus d&#8217;une page. Il est donc pr\u00e9f\u00e9rable d&#8217;aller \u00e0 l&#8217;essentiel et de se concentrer sur les exp\u00e9riences les plus significatives.<\/p>\n<p><!--more--><\/p>\n<p><span style=\"font-size: medium;\">Les informations compl\u00e9mentaires<\/span><\/p>\n<p>Dans la rubrique consacr\u00e9e\u00a0aux informations compl\u00e9mentaires, vous devez citer les \u00e9l\u00e9ments qui interpelleront le recruteur et qui seront un atout pour votre candidature. Ici, le candidat mentionne le fait d&#8217;\u00eatre pompier volontaire et le fait de pratiquer la course \u00e0 pied. On peut donc imaginer\u00a0qu&#8217;il s&#8217;agit d&#8217;une personne engag\u00e9e au service des autres et sportive. Autant de qualit\u00e9s qui sont des atouts pour une candidature d&#8217;ambulancier.<\/p>\n<p>J\u00e9rome Delcourt<br \/>\n30\/07\/1992<br \/>\n93 Boulevard Albert 1er<br \/>\n59500 Douai<br \/>\n06 00 00 00 00<br \/>\nj.delcourt@ambulancier.fr<\/p>\n<p style=\"text-align: center;\"><strong><span style=\"text-decoration: underline;\"><span style=\"color: #0000ff; text-decoration: underline;\">Ambulancier : 2 ans d&#8217;exp\u00e9rience<\/span><\/span><\/strong><\/p>\n<p style=\"text-align: center;\"><span style=\"color: #0000ff;\">Exp\u00e9riences professionnelles<\/span><\/p>\n<p><em><strong>De f\u00e9vrier 2012 \u00e0 septembre 2014<\/strong><\/em> : Ambulancier de nuit pour le SAMU<br \/>\n&#8211; Conduite du v\u00e9hicule<br \/>\n&#8211; Prise en charge des patients<br \/>\n&#8211; Entretien, d\u00e9sinfection et nettoyage du v\u00e9hicule<br \/>\n&#8211; V\u00e9rification du mat\u00e9riel m\u00e9dical<br \/>\n&#8211; Premiers secours<br \/>\n&#8211; Brancardage<\/p>\n<p><em><strong>De septembre \u00e0 d\u00e9cembre 2011<\/strong><\/em> : Agent de fun\u00e9rarium, Centre Hospitalier de Douai<br \/>\n&#8211; Accueil et prise en charge des familles<br \/>\n&#8211; Conduite du v\u00e9hicule<br \/>\n&#8211; Entretien et nettoyage du v\u00e9hicule<\/p>\n<p><em><strong>De mai \u00e0 juillet 2011<\/strong><\/em> : Ambulancier stagiaire pour Douai Ambulances<br \/>\n&#8211; Prise en charge en patients<br \/>\n&#8211; Entretien, d\u00e9sinfection et nettoyage du v\u00e9hicule<br \/>\n&#8211; Brancardage<\/p>\n<p style=\"text-align: center;\"><span style=\"color: #0000ff;\">Formation<\/span><\/p>\n<p style=\"text-align: left;\"><em><strong> 2012<\/strong><\/em> : Formation aux gestes et soins d&#8217;urgence de niveau 1 et 2<br \/>\n<em><strong>2010 &#8211; 2011<\/strong><\/em> : Obtention du Dipl\u00f4me d&#8217;\u00c9tat d&#8217;Ambulancier, Institut de formation de la Croix-Rouge de Douai<\/p>\n<p style=\"text-align: center;\"><span style=\"color: #0000ff;\">Informations compl\u00e9mentaires<\/span><\/p>\n<p style=\"text-align: left;\">&#8211; Pompier volontaire<br \/>\n&#8211; Pratique la course \u00e0 pied (marathon et triathlon)<\/p>\n<p>T\u00e9l\u00e9charger le mod\u00e8le de CV amublancier\u00a0en format pdf :\u00a0<a class=\"telechargement_CV_pdf\" href=\"https:\/\/content.staffsante.fr\/wp-content\/uploads\/2014\/09\/CV-ambulancier.pdf\">CV ambulancier<\/a><\/p>\n<p>T\u00e9l\u00e9charger le mod\u00e8le de CV ambulancier en format doc :\u00a0<a class=\"telechargement_CV_doc\" href=\"https:\/\/content.staffsante.fr\/wp-content\/uploads\/2014\/09\/CV-ambulancier.doc\">CV ambulancier<\/a><\/p>\n<p>Besoin d&#8217;un exemple pour r\u00e9diger votre lettre de motivation ? Consultez nos conseils et notre exemple de <a title=\"Exemple lettre de motivation ambulancier\" href=\"https:\/\/content.staffsante.fr\/exemple-de-lettre-de-motivation-ambulancier\/\">lettre de motivation pour ambulancier<\/a><\/p>\n<h2>Quelques offres d&#8217;ambulancier<\/h2>\n<div id=\"result_extract\"><\/div>\n","protected":false},"excerpt":{"rendered":"<p>CV Ambulancier Avec Staffsant\u00e9, retrouvez de nombreux exemples de CV. Pour optimiser vos chances de r\u00e9ussite et obtenir un entretien, il est important de r\u00e9aliser un CV qui met en [&hellip;]<\/p>\n","protected":false},"author":1,"featured_media":0,"comment_status":"closed","ping_status":"closed","sticky":false,"template":"","format":"standard","meta":[],"categories":[1],"tags":[70,19,21,17,22,316],"acf":[],"yoast_head":"<!-- This site is optimized with the Yoast SEO plugin v19.14 - https:\/\/yoast.com\/wordpress\/plugins\/seo\/ -->\n<title>Exemple de CV Ambulancier | STAFFSANT\u00c9<\/title>\n<meta name=\"description\" content=\"Besoin d\u2019aide pour r\u00e9diger votre CV d\u2019ambulancier ? Retrouvez notre exemple de CV et nos conseil\u00a0: simple et efficace !\" \/>\n<meta name=\"robots\" content=\"index, follow, max-snippet:-1, max-image-preview:large, max-video-preview:-1\" \/>\n<link rel=\"canonical\" href=\"https:\/\/www.staffsante.fr\/contenu\/exemple-de-cv-ambulancier\/\" \/>\n<meta property=\"og:locale\" content=\"fr_FR\" \/>\n<meta property=\"og:type\" content=\"article\" \/>\n<meta property=\"og:title\" content=\"Exemple de CV Ambulancier | STAFFSANT\u00c9\" \/>\n<meta property=\"og:description\" content=\"Besoin d\u2019aide pour r\u00e9diger votre CV d\u2019ambulancier ? Retrouvez notre exemple de CV et nos conseil\u00a0: simple et efficace !\" \/>\n<meta property=\"og:url\" content=\"https:\/\/www.staffsante.fr\/contenu\/exemple-de-cv-ambulancier\/\" \/>\n<meta property=\"og:site_name\" content=\"STAFFSANT\u00c9\" \/>\n<meta property=\"article:published_time\" content=\"2014-09-30T11:19:13+00:00\" \/>\n<meta property=\"article:modified_time\" content=\"2026-04-22T15:04:09+00:00\" \/>\n<meta property=\"og:image\" content=\"https:\/\/content.staffsante.fr\/wp-content\/uploads\/2018\/02\/CV-ambulancier.png\" \/>\n<meta name=\"author\" content=\"admin_staff_content\" \/>\n<meta name=\"twitter:card\" content=\"summary_large_image\" \/>\n<meta name=\"twitter:label1\" content=\"\u00c9crit par\" \/>\n\t<meta name=\"twitter:data1\" content=\"admin_staff_content\" \/>\n\t<meta name=\"twitter:label2\" content=\"Dur\u00e9e de lecture estim\u00e9e\" \/>\n\t<meta name=\"twitter:data2\" content=\"3 minutes\" \/>\n<script type=\"application\/ld+json\" class=\"yoast-schema-graph\">{\"@context\":\"https:\/\/schema.org\",\"@graph\":[{\"@type\":\"Article\",\"@id\":\"https:\/\/www.staffsante.fr\/contenu\/exemple-de-cv-ambulancier\/#article\",\"isPartOf\":{\"@id\":\"https:\/\/www.staffsante.fr\/contenu\/exemple-de-cv-ambulancier\/\"},\"author\":{\"name\":\"admin_staff_content\",\"@id\":\"https:\/\/www.staffsante.fr\/contenu\/#\/schema\/person\/8cea5b012277ab5dd4995aec10f20b0c\"},\"headline\":\"Exemple de CV Ambulancier\",\"datePublished\":\"2014-09-30T11:19:13+00:00\",\"dateModified\":\"2026-04-22T15:04:09+00:00\",\"mainEntityOfPage\":{\"@id\":\"https:\/\/www.staffsante.fr\/contenu\/exemple-de-cv-ambulancier\/\"},\"wordCount\":452,\"publisher\":{\"@id\":\"https:\/\/www.staffsante.fr\/contenu\/#organization\"},\"keywords\":[\"ambulancier\",\"candidature\",\"Changer d'emploi\",\"CV\",\"Emploi\",\"Exemple\"],\"articleSection\":[\"Exemples de CV et de lettres de motivation\"],\"inLanguage\":\"fr-FR\"},{\"@type\":\"WebPage\",\"@id\":\"https:\/\/www.staffsante.fr\/contenu\/exemple-de-cv-ambulancier\/\",\"url\":\"https:\/\/www.staffsante.fr\/contenu\/exemple-de-cv-ambulancier\/\",\"name\":\"Exemple de CV Ambulancier | STAFFSANT\u00c9\",\"isPartOf\":{\"@id\":\"https:\/\/www.staffsante.fr\/contenu\/#website\"},\"datePublished\":\"2014-09-30T11:19:13+00:00\",\"dateModified\":\"2026-04-22T15:04:09+00:00\",\"description\":\"Besoin d\u2019aide pour r\u00e9diger votre CV d\u2019ambulancier ? Retrouvez notre exemple de CV et nos conseil\u00a0: simple et efficace !\",\"breadcrumb\":{\"@id\":\"https:\/\/www.staffsante.fr\/contenu\/exemple-de-cv-ambulancier\/#breadcrumb\"},\"inLanguage\":\"fr-FR\",\"potentialAction\":[{\"@type\":\"ReadAction\",\"target\":[\"https:\/\/www.staffsante.fr\/contenu\/exemple-de-cv-ambulancier\/\"]}]},{\"@type\":\"BreadcrumbList\",\"@id\":\"https:\/\/www.staffsante.fr\/contenu\/exemple-de-cv-ambulancier\/#breadcrumb\",\"itemListElement\":[{\"@type\":\"ListItem\",\"position\":1,\"name\":\"Home\",\"item\":\"https:\/\/www.staffsante.fr\/contenu\/\"},{\"@type\":\"ListItem\",\"position\":2,\"name\":\"Exemple de CV Ambulancier\"}]},{\"@type\":\"WebSite\",\"@id\":\"https:\/\/www.staffsante.fr\/contenu\/#website\",\"url\":\"https:\/\/www.staffsante.fr\/contenu\/\",\"name\":\"STAFFSANT\u00c9\",\"description\":\"L&#039;actualit\u00e9 carri\u00e8re des professionnels de sant\u00e9\",\"publisher\":{\"@id\":\"https:\/\/www.staffsante.fr\/contenu\/#organization\"},\"potentialAction\":[{\"@type\":\"SearchAction\",\"target\":{\"@type\":\"EntryPoint\",\"urlTemplate\":\"https:\/\/www.staffsante.fr\/contenu\/?s={search_term_string}\"},\"query-input\":\"required name=search_term_string\"}],\"inLanguage\":\"fr-FR\"},{\"@type\":\"Organization\",\"@id\":\"https:\/\/www.staffsante.fr\/contenu\/#organization\",\"name\":\"Staffsant\u00e9\",\"url\":\"https:\/\/www.staffsante.fr\/contenu\/\",\"logo\":{\"@type\":\"ImageObject\",\"inLanguage\":\"fr-FR\",\"@id\":\"https:\/\/www.staffsante.fr\/contenu\/#\/schema\/logo\/image\/\",\"url\":\"https:\/\/content.staffsante.fr\/wp-content\/uploads\/2017\/06\/Staffsante.jpg\",\"contentUrl\":\"https:\/\/content.staffsante.fr\/wp-content\/uploads\/2017\/06\/Staffsante.jpg\",\"width\":2225,\"height\":592,\"caption\":\"Staffsant\u00e9\"},\"image\":{\"@id\":\"https:\/\/www.staffsante.fr\/contenu\/#\/schema\/logo\/image\/\"}},{\"@type\":\"Person\",\"@id\":\"https:\/\/www.staffsante.fr\/contenu\/#\/schema\/person\/8cea5b012277ab5dd4995aec10f20b0c\",\"name\":\"admin_staff_content\",\"image\":{\"@type\":\"ImageObject\",\"inLanguage\":\"fr-FR\",\"@id\":\"https:\/\/www.staffsante.fr\/contenu\/#\/schema\/person\/image\/\",\"url\":\"http:\/\/2.gravatar.com\/avatar\/2b9ac03912eb39091678a45d1b4c36c0?s=96&d=mm&r=g\",\"contentUrl\":\"http:\/\/2.gravatar.com\/avatar\/2b9ac03912eb39091678a45d1b4c36c0?s=96&d=mm&r=g\",\"caption\":\"admin_staff_content\"}}]}<\/script>\n<!-- \/ Yoast SEO plugin. -->","yoast_head_json":{"title":"Exemple de CV Ambulancier | STAFFSANT\u00c9","description":"Besoin d\u2019aide pour r\u00e9diger votre CV d\u2019ambulancier ? Retrouvez notre exemple de CV et nos conseil\u00a0: simple et efficace !","robots":{"index":"index","follow":"follow","max-snippet":"max-snippet:-1","max-image-preview":"max-image-preview:large","max-video-preview":"max-video-preview:-1"},"canonical":"https:\/\/www.staffsante.fr\/contenu\/exemple-de-cv-ambulancier\/","og_locale":"fr_FR","og_type":"article","og_title":"Exemple de CV Ambulancier | STAFFSANT\u00c9","og_description":"Besoin d\u2019aide pour r\u00e9diger votre CV d\u2019ambulancier ? Retrouvez notre exemple de CV et nos conseil\u00a0: simple et efficace !","og_url":"https:\/\/www.staffsante.fr\/contenu\/exemple-de-cv-ambulancier\/","og_site_name":"STAFFSANT\u00c9","article_published_time":"2014-09-30T11:19:13+00:00","article_modified_time":"2026-04-22T15:04:09+00:00","og_image":[{"url":"https:\/\/content.staffsante.fr\/wp-content\/uploads\/2018\/02\/CV-ambulancier.png"}],"author":"admin_staff_content","twitter_card":"summary_large_image","twitter_misc":{"\u00c9crit par":"admin_staff_content","Dur\u00e9e de lecture estim\u00e9e":"3 minutes"},"schema":{"@context":"https:\/\/schema.org","@graph":[{"@type":"Article","@id":"https:\/\/www.staffsante.fr\/contenu\/exemple-de-cv-ambulancier\/#article","isPartOf":{"@id":"https:\/\/www.staffsante.fr\/contenu\/exemple-de-cv-ambulancier\/"},"author":{"name":"admin_staff_content","@id":"https:\/\/www.staffsante.fr\/contenu\/#\/schema\/person\/8cea5b012277ab5dd4995aec10f20b0c"},"headline":"Exemple de CV Ambulancier","datePublished":"2014-09-30T11:19:13+00:00","dateModified":"2026-04-22T15:04:09+00:00","mainEntityOfPage":{"@id":"https:\/\/www.staffsante.fr\/contenu\/exemple-de-cv-ambulancier\/"},"wordCount":452,"publisher":{"@id":"https:\/\/www.staffsante.fr\/contenu\/#organization"},"keywords":["ambulancier","candidature","Changer d'emploi","CV","Emploi","Exemple"],"articleSection":["Exemples de CV et de lettres de motivation"],"inLanguage":"fr-FR"},{"@type":"WebPage","@id":"https:\/\/www.staffsante.fr\/contenu\/exemple-de-cv-ambulancier\/","url":"https:\/\/www.staffsante.fr\/contenu\/exemple-de-cv-ambulancier\/","name":"Exemple de CV Ambulancier | STAFFSANT\u00c9","isPartOf":{"@id":"https:\/\/www.staffsante.fr\/contenu\/#website"},"datePublished":"2014-09-30T11:19:13+00:00","dateModified":"2026-04-22T15:04:09+00:00","description":"Besoin d\u2019aide pour r\u00e9diger votre CV d\u2019ambulancier ? Retrouvez notre exemple de CV et nos conseil\u00a0: simple et efficace !","breadcrumb":{"@id":"https:\/\/www.staffsante.fr\/contenu\/exemple-de-cv-ambulancier\/#breadcrumb"},"inLanguage":"fr-FR","potentialAction":[{"@type":"ReadAction","target":["https:\/\/www.staffsante.fr\/contenu\/exemple-de-cv-ambulancier\/"]}]},{"@type":"BreadcrumbList","@id":"https:\/\/www.staffsante.fr\/contenu\/exemple-de-cv-ambulancier\/#breadcrumb","itemListElement":[{"@type":"ListItem","position":1,"name":"Home","item":"https:\/\/www.staffsante.fr\/contenu\/"},{"@type":"ListItem","position":2,"name":"Exemple de CV Ambulancier"}]},{"@type":"WebSite","@id":"https:\/\/www.staffsante.fr\/contenu\/#website","url":"https:\/\/www.staffsante.fr\/contenu\/","name":"STAFFSANT\u00c9","description":"L&#039;actualit\u00e9 carri\u00e8re des professionnels de sant\u00e9","publisher":{"@id":"https:\/\/www.staffsante.fr\/contenu\/#organization"},"potentialAction":[{"@type":"SearchAction","target":{"@type":"EntryPoint","urlTemplate":"https:\/\/www.staffsante.fr\/contenu\/?s={search_term_string}"},"query-input":"required name=search_term_string"}],"inLanguage":"fr-FR"},{"@type":"Organization","@id":"https:\/\/www.staffsante.fr\/contenu\/#organization","name":"Staffsant\u00e9","url":"https:\/\/www.staffsante.fr\/contenu\/","logo":{"@type":"ImageObject","inLanguage":"fr-FR","@id":"https:\/\/www.staffsante.fr\/contenu\/#\/schema\/logo\/image\/","url":"https:\/\/content.staffsante.fr\/wp-content\/uploads\/2017\/06\/Staffsante.jpg","contentUrl":"https:\/\/content.staffsante.fr\/wp-content\/uploads\/2017\/06\/Staffsante.jpg","width":2225,"height":592,"caption":"Staffsant\u00e9"},"image":{"@id":"https:\/\/www.staffsante.fr\/contenu\/#\/schema\/logo\/image\/"}},{"@type":"Person","@id":"https:\/\/www.staffsante.fr\/contenu\/#\/schema\/person\/8cea5b012277ab5dd4995aec10f20b0c","name":"admin_staff_content","image":{"@type":"ImageObject","inLanguage":"fr-FR","@id":"https:\/\/www.staffsante.fr\/contenu\/#\/schema\/person\/image\/","url":"http:\/\/2.gravatar.com\/avatar\/2b9ac03912eb39091678a45d1b4c36c0?s=96&d=mm&r=g","contentUrl":"http:\/\/2.gravatar.com\/avatar\/2b9ac03912eb39091678a45d1b4c36c0?s=96&d=mm&r=g","caption":"admin_staff_content"}}]}},"_links":{"self":[{"href":"https:\/\/www.staffsante.fr\/contenu\/wp-json\/wp\/v2\/posts\/3557"}],"collection":[{"href":"https:\/\/www.staffsante.fr\/contenu\/wp-json\/wp\/v2\/posts"}],"about":[{"href":"https:\/\/www.staffsante.fr\/contenu\/wp-json\/wp\/v2\/types\/post"}],"author":[{"embeddable":true,"href":"https:\/\/www.staffsante.fr\/contenu\/wp-json\/wp\/v2\/users\/1"}],"replies":[{"embeddable":true,"href":"https:\/\/www.staffsante.fr\/contenu\/wp-json\/wp\/v2\/comments?post=3557"}],"version-history":[{"count":8,"href":"https:\/\/www.staffsante.fr\/contenu\/wp-json\/wp\/v2\/posts\/3557\/revisions"}],"predecessor-version":[{"id":12954,"href":"https:\/\/www.staffsante.fr\/contenu\/wp-json\/wp\/v2\/posts\/3557\/revisions\/12954"}],"wp:attachment":[{"href":"https:\/\/www.staffsante.fr\/contenu\/wp-json\/wp\/v2\/media?parent=3557"}],"wp:term":[{"taxonomy":"category","embeddable":true,"href":"https:\/\/www.staffsante.fr\/contenu\/wp-json\/wp\/v2\/categories?post=3557"},{"taxonomy":"post_tag","embeddable":true,"href":"https:\/\/www.staffsante.fr\/contenu\/wp-json\/wp\/v2\/tags?post=3557"}],"curies":[{"name":"wp","href":"https:\/\/api.w.org\/{rel}","templated":true}]}}