{"id":406,"date":"2020-03-27T15:24:42","date_gmt":"2020-03-27T15:24:42","guid":{"rendered":"https:\/\/recruiter.staffsante.fr\/les-rh-face-a-la-lutte-contre-la-discrimination\/"},"modified":"2025-10-16T08:56:04","modified_gmt":"2025-10-16T08:56:04","slug":"les-rh-face-a-la-lutte-contre-la-discrimination","status":"publish","type":"post","link":"https:\/\/www.staffsante.fr\/espace-recruteurs\/les-rh-face-a-la-lutte-contre-la-discrimination\/","title":{"rendered":"Les RH face \u00e0 la lutte contre la discrimination"},"content":{"rendered":"<p>Le 21 mars a eu lieu la journ\u00e9e mondiale contre la discrimination raciale. L\u2019occasion de rappeler que les discriminations sont encore nombreuses en France, mettant les entreprises et les DRH en premi\u00e8re ligne d\u2019une politique anti-discrimination.<\/p>\n<h3>21 mars : journ\u00e9e mondiale de la discrimination raciale<\/h3>\n<p>La journ\u00e9e du 21 mars a \u00e9t\u00e9 choisie en 1996 par l&rsquo;Assembl\u00e9e g\u00e9n\u00e9rale des Nations Unies (r\u00e9solution 2142 (XXI)) afin de lutter contre la discrimination raciale. Pourquoi cette date en particulier ? Le 21 mars 1960 \u00e0 Sharpeville en Afrique du Sud, la police a ouvert le feu et tu\u00e9 69 personnes lors d\u2019une manifestation pacifique contre l\u2019apartheid. Depuis, cette date est devenue une journ\u00e9e en faveur de la <strong>diversit\u00e9 et de la tol\u00e9rance<\/strong>.<\/p>\n<h3>La discrimination raciale en france<\/h3>\n<p>La discrimination regroupe toutes les formes de distinctions effectu\u00e9es sur la base de l\u2019origine, de l\u2019appartenance r\u00e9elle ou suppos\u00e9e d\u2019une personne \u00e0 une ethnie, \u00e0 une nation, \u00e0 une race ou \u00e0 une race d\u00e9termin\u00e9e. La discrimination raciale contrevient au principe fondamental de l\u2019\u00e9galit\u00e9 juridique des hommes et notamment de l\u2019article 1 de la D\u00e9claration des Droits de l\u2019Homme et du Citoyen de 1789, int\u00e9gr\u00e9e \u00e0 la Constitution fran\u00e7aise, qui \u00e9nonce que \u00ab <strong>les hommes naissent et demeurent libres et \u00e9gaux en droit<\/strong> \u00bb.<br \/>\nEn France, l\u2019ampleur de la discrimination raciale est difficile \u00e0 \u00e9valuer. Quelques chiffres peuvent cependant nous aiguiller. En 2012, le CSA (Conseil Sup\u00e9rieur de l\u2019Audiovisuel) \u00e9valuait \u00e0 13% seulement le taux de pr\u00e9sence \u00e0 la t\u00e9l\u00e9vision des personnes issues de la diversit\u00e9 et faisait remarquer la sur-repr\u00e9sentation des personnes \u00ab blanches \u00bb dans les r\u00f4les de h\u00e9ros.<br \/>\nDans un rapport publi\u00e9 en 2015, Jacques Toubon, le D\u00e9fenseur des droits \u00e9voquait l\u2019\u00e9chec de la France en mati\u00e8re de <strong>lutte contre les discriminations<\/strong>. Le rapport expliquait que les proc\u00e9dures engag\u00e9es \u201cn\u2019ont pas eu vraiment d\u2019effet au-del\u00e0 des seuls b\u00e9n\u00e9ficiaires des proc\u00e8s\u201d, notamment car les actions juridiques n\u2019ont \u201cqu\u2019un impact \u00e9conomique r\u00e9siduel, m\u00eame en termes d\u2019image\u201d. Deux ans plus tard, en 2017, une \u00e9tude DARES \/ IFOP mettait en lumi\u00e8re le chiffre de 3 Fran\u00e7ais sur 10 qui s\u2019\u00e9taient sont senties victimes de discrimination au travail.<\/p>\n<h3>Discrimination \u00e0 l\u2019embauche : quelles sanctions ?<\/h3>\n<p>La discrimination raciale concerne \u00e9galement l\u2019embauche. Le principe qui r\u00e8gne est celui de l\u2019\u00e9galit\u00e9 de traitement, qui d\u00e9coule du principe r\u00e9publicain de l\u2019\u00e9galit\u00e9 de tous les citoyens.Dans le cadre de sa proc\u00e9dure de recrutement, une entreprise n\u2019a pas le droit d\u2019\u00e9carter une candidature pour un motif li\u00e9 \u00e0 la religion, au physique, \u00e0 l\u2019origine ethnique ou \u00e0 l\u2019id\u00e9ologie du candidat. La <strong>discrimination \u00e0 l\u2019embauche<\/strong> est punie s\u00e9v\u00e8rement par la loi. L\u2019employeur encourt notamment une peine d\u2019emprisonnement de trois ans et\/ou une amende d\u2019un montant de 45 000 euros.<\/p>\n","protected":false},"excerpt":{"rendered":"<p>Le 21 mars aura lieu la journ\u00e9e mondiale contre la discrimination raciale. L\u2019occasion de rappeler que les discriminations sont encore nombreuses en France, mettant les entreprises et les DRH en premi\u00e8re ligne d\u2019une politique anti-discrimination.<\/p>\n","protected":false},"author":1,"featured_media":407,"comment_status":"open","ping_status":"open","sticky":false,"template":"","format":"standard","meta":{"footnotes":""},"categories":[18],"tags":[],"class_list":["post-406","post","type-post","status-publish","format-standard","has-post-thumbnail","hentry","category-conseils-rh"],"yoast_head":"<!-- This site is optimized with the Yoast SEO plugin v27.3 - https:\/\/yoast.com\/product\/yoast-seo-wordpress\/ -->\n<title>Les RH face \u00e0 la lutte contre la discrimination - Staffsant\u00e9 Recruteurs<\/title>\n<meta name=\"description\" content=\"Le 21 mars aura lieu la journ\u00e9e mondiale contre la discrimination raciale. L\u2019occasion de rappeler que les discriminations sont encore nombreuses en France, mettant les entreprises et les DRH en premi\u00e8re ligne d\u2019une politique anti-discrimination.\" \/>\n<meta name=\"robots\" content=\"index, follow, max-snippet:-1, max-image-preview:large, max-video-preview:-1\" \/>\n<link rel=\"canonical\" href=\"https:\/\/www.staffsante.fr\/espace-recruteurs\/les-rh-face-a-la-lutte-contre-la-discrimination\/\" \/>\n<script type=\"application\/ld+json\" class=\"yoast-schema-graph\">{\"@context\":\"https:\\\/\\\/schema.org\",\"@graph\":[{\"@type\":\"Article\",\"@id\":\"https:\\\/\\\/www.staffsante.fr\\\/espace-recruteurs\\\/les-rh-face-a-la-lutte-contre-la-discrimination\\\/#article\",\"isPartOf\":{\"@id\":\"https:\\\/\\\/www.staffsante.fr\\\/espace-recruteurs\\\/les-rh-face-a-la-lutte-contre-la-discrimination\\\/\"},\"author\":{\"name\":\"florianadmin\",\"@id\":\"https:\\\/\\\/www.staffsante.fr\\\/espace-recruteurs\\\/#\\\/schema\\\/person\\\/5e9673f67f4cbbf2de596df6446ca8f2\"},\"headline\":\"Les RH face \u00e0 la lutte contre la discrimination\",\"datePublished\":\"2020-03-27T15:24:42+00:00\",\"dateModified\":\"2025-10-16T08:56:04+00:00\",\"mainEntityOfPage\":{\"@id\":\"https:\\\/\\\/www.staffsante.fr\\\/espace-recruteurs\\\/les-rh-face-a-la-lutte-contre-la-discrimination\\\/\"},\"wordCount\":491,\"commentCount\":0,\"publisher\":{\"@id\":\"https:\\\/\\\/www.staffsante.fr\\\/espace-recruteurs\\\/#organization\"},\"image\":{\"@id\":\"https:\\\/\\\/www.staffsante.fr\\\/espace-recruteurs\\\/les-rh-face-a-la-lutte-contre-la-discrimination\\\/#primaryimage\"},\"thumbnailUrl\":\"https:\\\/\\\/www.staffsante.fr\\\/espace-recruteurs\\\/wp-content\\\/uploads\\\/2025\\\/07\\\/visurex5.png\",\"articleSection\":[\"Conseils RH\"],\"inLanguage\":\"fr-FR\",\"potentialAction\":[{\"@type\":\"CommentAction\",\"name\":\"Comment\",\"target\":[\"https:\\\/\\\/www.staffsante.fr\\\/espace-recruteurs\\\/les-rh-face-a-la-lutte-contre-la-discrimination\\\/#respond\"]}]},{\"@type\":\"WebPage\",\"@id\":\"https:\\\/\\\/www.staffsante.fr\\\/espace-recruteurs\\\/les-rh-face-a-la-lutte-contre-la-discrimination\\\/\",\"url\":\"https:\\\/\\\/www.staffsante.fr\\\/espace-recruteurs\\\/les-rh-face-a-la-lutte-contre-la-discrimination\\\/\",\"name\":\"Les RH face \u00e0 la lutte contre la discrimination - Staffsant\u00e9 Recruteurs\",\"isPartOf\":{\"@id\":\"https:\\\/\\\/www.staffsante.fr\\\/espace-recruteurs\\\/#website\"},\"primaryImageOfPage\":{\"@id\":\"https:\\\/\\\/www.staffsante.fr\\\/espace-recruteurs\\\/les-rh-face-a-la-lutte-contre-la-discrimination\\\/#primaryimage\"},\"image\":{\"@id\":\"https:\\\/\\\/www.staffsante.fr\\\/espace-recruteurs\\\/les-rh-face-a-la-lutte-contre-la-discrimination\\\/#primaryimage\"},\"thumbnailUrl\":\"https:\\\/\\\/www.staffsante.fr\\\/espace-recruteurs\\\/wp-content\\\/uploads\\\/2025\\\/07\\\/visurex5.png\",\"datePublished\":\"2020-03-27T15:24:42+00:00\",\"dateModified\":\"2025-10-16T08:56:04+00:00\",\"description\":\"Le 21 mars aura lieu la journ\u00e9e mondiale contre la discrimination raciale. L\u2019occasion de rappeler que les discriminations sont encore nombreuses en France, mettant les entreprises et les DRH en premi\u00e8re ligne d\u2019une politique anti-discrimination.\",\"breadcrumb\":{\"@id\":\"https:\\\/\\\/www.staffsante.fr\\\/espace-recruteurs\\\/les-rh-face-a-la-lutte-contre-la-discrimination\\\/#breadcrumb\"},\"inLanguage\":\"fr-FR\",\"potentialAction\":[{\"@type\":\"ReadAction\",\"target\":[\"https:\\\/\\\/www.staffsante.fr\\\/espace-recruteurs\\\/les-rh-face-a-la-lutte-contre-la-discrimination\\\/\"]}]},{\"@type\":\"ImageObject\",\"inLanguage\":\"fr-FR\",\"@id\":\"https:\\\/\\\/www.staffsante.fr\\\/espace-recruteurs\\\/les-rh-face-a-la-lutte-contre-la-discrimination\\\/#primaryimage\",\"url\":\"https:\\\/\\\/www.staffsante.fr\\\/espace-recruteurs\\\/wp-content\\\/uploads\\\/2025\\\/07\\\/visurex5.png\",\"contentUrl\":\"https:\\\/\\\/www.staffsante.fr\\\/espace-recruteurs\\\/wp-content\\\/uploads\\\/2025\\\/07\\\/visurex5.png\",\"width\":330,\"height\":220},{\"@type\":\"BreadcrumbList\",\"@id\":\"https:\\\/\\\/www.staffsante.fr\\\/espace-recruteurs\\\/les-rh-face-a-la-lutte-contre-la-discrimination\\\/#breadcrumb\",\"itemListElement\":[{\"@type\":\"ListItem\",\"position\":1,\"name\":\"Accueil\",\"item\":\"https:\\\/\\\/www.staffsante.fr\\\/espace-recruteurs\\\/\"},{\"@type\":\"ListItem\",\"position\":2,\"name\":\"Conseils RH\",\"item\":\"https:\\\/\\\/www.staffsante.fr\\\/espace-recruteurs\\\/categorie\\\/conseils-rh\\\/\"},{\"@type\":\"ListItem\",\"position\":3,\"name\":\"Les RH face \u00e0 la lutte contre la discrimination\"}]},{\"@type\":\"WebSite\",\"@id\":\"https:\\\/\\\/www.staffsante.fr\\\/espace-recruteurs\\\/#website\",\"url\":\"https:\\\/\\\/www.staffsante.fr\\\/espace-recruteurs\\\/\",\"name\":\"Staffsant\u00e9 Recruteurs\",\"description\":\"\",\"publisher\":{\"@id\":\"https:\\\/\\\/www.staffsante.fr\\\/espace-recruteurs\\\/#organization\"},\"potentialAction\":[{\"@type\":\"SearchAction\",\"target\":{\"@type\":\"EntryPoint\",\"urlTemplate\":\"https:\\\/\\\/www.staffsante.fr\\\/espace-recruteurs\\\/?s={search_term_string}\"},\"query-input\":{\"@type\":\"PropertyValueSpecification\",\"valueRequired\":true,\"valueName\":\"search_term_string\"}}],\"inLanguage\":\"fr-FR\"},{\"@type\":\"Organization\",\"@id\":\"https:\\\/\\\/www.staffsante.fr\\\/espace-recruteurs\\\/#organization\",\"name\":\"Staffsant\u00e9 Recruteurs\",\"url\":\"https:\\\/\\\/www.staffsante.fr\\\/espace-recruteurs\\\/\",\"logo\":{\"@type\":\"ImageObject\",\"inLanguage\":\"fr-FR\",\"@id\":\"https:\\\/\\\/www.staffsante.fr\\\/espace-recruteurs\\\/#\\\/schema\\\/logo\\\/image\\\/\",\"url\":\"https:\\\/\\\/www.staffsante.fr\\\/espace-recruteurs\\\/wp-content\\\/uploads\\\/2025\\\/07\\\/logo-hospimedia.webp\",\"contentUrl\":\"https:\\\/\\\/www.staffsante.fr\\\/espace-recruteurs\\\/wp-content\\\/uploads\\\/2025\\\/07\\\/logo-hospimedia.webp\",\"width\":208,\"height\":53,\"caption\":\"Staffsant\u00e9 Recruteurs\"},\"image\":{\"@id\":\"https:\\\/\\\/www.staffsante.fr\\\/espace-recruteurs\\\/#\\\/schema\\\/logo\\\/image\\\/\"}},{\"@type\":\"Person\",\"@id\":\"https:\\\/\\\/www.staffsante.fr\\\/espace-recruteurs\\\/#\\\/schema\\\/person\\\/5e9673f67f4cbbf2de596df6446ca8f2\",\"name\":\"florianadmin\",\"image\":{\"@type\":\"ImageObject\",\"inLanguage\":\"fr-FR\",\"@id\":\"https:\\\/\\\/secure.gravatar.com\\\/avatar\\\/a0b0deb88156dea33d737e1112e576727e9c7b189c5ed976710d30bd5fb2af76?s=96&d=mm&r=g\",\"url\":\"https:\\\/\\\/secure.gravatar.com\\\/avatar\\\/a0b0deb88156dea33d737e1112e576727e9c7b189c5ed976710d30bd5fb2af76?s=96&d=mm&r=g\",\"contentUrl\":\"https:\\\/\\\/secure.gravatar.com\\\/avatar\\\/a0b0deb88156dea33d737e1112e576727e9c7b189c5ed976710d30bd5fb2af76?s=96&d=mm&r=g\",\"caption\":\"florianadmin\"},\"sameAs\":[\"https:\\\/\\\/www.staffsante.fr\\\/espace-recruteurs\"]}]}<\/script>\n<!-- \/ Yoast SEO plugin. -->","yoast_head_json":{"title":"Les RH face \u00e0 la lutte contre la discrimination - Staffsant\u00e9 Recruteurs","description":"Le 21 mars aura lieu la journ\u00e9e mondiale contre la discrimination raciale. L\u2019occasion de rappeler que les discriminations sont encore nombreuses en France, mettant les entreprises et les DRH en premi\u00e8re ligne d\u2019une politique anti-discrimination.","robots":{"index":"index","follow":"follow","max-snippet":"max-snippet:-1","max-image-preview":"max-image-preview:large","max-video-preview":"max-video-preview:-1"},"canonical":"https:\/\/www.staffsante.fr\/espace-recruteurs\/les-rh-face-a-la-lutte-contre-la-discrimination\/","schema":{"@context":"https:\/\/schema.org","@graph":[{"@type":"Article","@id":"https:\/\/www.staffsante.fr\/espace-recruteurs\/les-rh-face-a-la-lutte-contre-la-discrimination\/#article","isPartOf":{"@id":"https:\/\/www.staffsante.fr\/espace-recruteurs\/les-rh-face-a-la-lutte-contre-la-discrimination\/"},"author":{"name":"florianadmin","@id":"https:\/\/www.staffsante.fr\/espace-recruteurs\/#\/schema\/person\/5e9673f67f4cbbf2de596df6446ca8f2"},"headline":"Les RH face \u00e0 la lutte contre la discrimination","datePublished":"2020-03-27T15:24:42+00:00","dateModified":"2025-10-16T08:56:04+00:00","mainEntityOfPage":{"@id":"https:\/\/www.staffsante.fr\/espace-recruteurs\/les-rh-face-a-la-lutte-contre-la-discrimination\/"},"wordCount":491,"commentCount":0,"publisher":{"@id":"https:\/\/www.staffsante.fr\/espace-recruteurs\/#organization"},"image":{"@id":"https:\/\/www.staffsante.fr\/espace-recruteurs\/les-rh-face-a-la-lutte-contre-la-discrimination\/#primaryimage"},"thumbnailUrl":"https:\/\/www.staffsante.fr\/espace-recruteurs\/wp-content\/uploads\/2025\/07\/visurex5.png","articleSection":["Conseils RH"],"inLanguage":"fr-FR","potentialAction":[{"@type":"CommentAction","name":"Comment","target":["https:\/\/www.staffsante.fr\/espace-recruteurs\/les-rh-face-a-la-lutte-contre-la-discrimination\/#respond"]}]},{"@type":"WebPage","@id":"https:\/\/www.staffsante.fr\/espace-recruteurs\/les-rh-face-a-la-lutte-contre-la-discrimination\/","url":"https:\/\/www.staffsante.fr\/espace-recruteurs\/les-rh-face-a-la-lutte-contre-la-discrimination\/","name":"Les RH face \u00e0 la lutte contre la discrimination - Staffsant\u00e9 Recruteurs","isPartOf":{"@id":"https:\/\/www.staffsante.fr\/espace-recruteurs\/#website"},"primaryImageOfPage":{"@id":"https:\/\/www.staffsante.fr\/espace-recruteurs\/les-rh-face-a-la-lutte-contre-la-discrimination\/#primaryimage"},"image":{"@id":"https:\/\/www.staffsante.fr\/espace-recruteurs\/les-rh-face-a-la-lutte-contre-la-discrimination\/#primaryimage"},"thumbnailUrl":"https:\/\/www.staffsante.fr\/espace-recruteurs\/wp-content\/uploads\/2025\/07\/visurex5.png","datePublished":"2020-03-27T15:24:42+00:00","dateModified":"2025-10-16T08:56:04+00:00","description":"Le 21 mars aura lieu la journ\u00e9e mondiale contre la discrimination raciale. L\u2019occasion de rappeler que les discriminations sont encore nombreuses en France, mettant les entreprises et les DRH en premi\u00e8re ligne d\u2019une politique anti-discrimination.","breadcrumb":{"@id":"https:\/\/www.staffsante.fr\/espace-recruteurs\/les-rh-face-a-la-lutte-contre-la-discrimination\/#breadcrumb"},"inLanguage":"fr-FR","potentialAction":[{"@type":"ReadAction","target":["https:\/\/www.staffsante.fr\/espace-recruteurs\/les-rh-face-a-la-lutte-contre-la-discrimination\/"]}]},{"@type":"ImageObject","inLanguage":"fr-FR","@id":"https:\/\/www.staffsante.fr\/espace-recruteurs\/les-rh-face-a-la-lutte-contre-la-discrimination\/#primaryimage","url":"https:\/\/www.staffsante.fr\/espace-recruteurs\/wp-content\/uploads\/2025\/07\/visurex5.png","contentUrl":"https:\/\/www.staffsante.fr\/espace-recruteurs\/wp-content\/uploads\/2025\/07\/visurex5.png","width":330,"height":220},{"@type":"BreadcrumbList","@id":"https:\/\/www.staffsante.fr\/espace-recruteurs\/les-rh-face-a-la-lutte-contre-la-discrimination\/#breadcrumb","itemListElement":[{"@type":"ListItem","position":1,"name":"Accueil","item":"https:\/\/www.staffsante.fr\/espace-recruteurs\/"},{"@type":"ListItem","position":2,"name":"Conseils RH","item":"https:\/\/www.staffsante.fr\/espace-recruteurs\/categorie\/conseils-rh\/"},{"@type":"ListItem","position":3,"name":"Les RH face \u00e0 la lutte contre la discrimination"}]},{"@type":"WebSite","@id":"https:\/\/www.staffsante.fr\/espace-recruteurs\/#website","url":"https:\/\/www.staffsante.fr\/espace-recruteurs\/","name":"Staffsant\u00e9 Recruteurs","description":"","publisher":{"@id":"https:\/\/www.staffsante.fr\/espace-recruteurs\/#organization"},"potentialAction":[{"@type":"SearchAction","target":{"@type":"EntryPoint","urlTemplate":"https:\/\/www.staffsante.fr\/espace-recruteurs\/?s={search_term_string}"},"query-input":{"@type":"PropertyValueSpecification","valueRequired":true,"valueName":"search_term_string"}}],"inLanguage":"fr-FR"},{"@type":"Organization","@id":"https:\/\/www.staffsante.fr\/espace-recruteurs\/#organization","name":"Staffsant\u00e9 Recruteurs","url":"https:\/\/www.staffsante.fr\/espace-recruteurs\/","logo":{"@type":"ImageObject","inLanguage":"fr-FR","@id":"https:\/\/www.staffsante.fr\/espace-recruteurs\/#\/schema\/logo\/image\/","url":"https:\/\/www.staffsante.fr\/espace-recruteurs\/wp-content\/uploads\/2025\/07\/logo-hospimedia.webp","contentUrl":"https:\/\/www.staffsante.fr\/espace-recruteurs\/wp-content\/uploads\/2025\/07\/logo-hospimedia.webp","width":208,"height":53,"caption":"Staffsant\u00e9 Recruteurs"},"image":{"@id":"https:\/\/www.staffsante.fr\/espace-recruteurs\/#\/schema\/logo\/image\/"}},{"@type":"Person","@id":"https:\/\/www.staffsante.fr\/espace-recruteurs\/#\/schema\/person\/5e9673f67f4cbbf2de596df6446ca8f2","name":"florianadmin","image":{"@type":"ImageObject","inLanguage":"fr-FR","@id":"https:\/\/secure.gravatar.com\/avatar\/a0b0deb88156dea33d737e1112e576727e9c7b189c5ed976710d30bd5fb2af76?s=96&d=mm&r=g","url":"https:\/\/secure.gravatar.com\/avatar\/a0b0deb88156dea33d737e1112e576727e9c7b189c5ed976710d30bd5fb2af76?s=96&d=mm&r=g","contentUrl":"https:\/\/secure.gravatar.com\/avatar\/a0b0deb88156dea33d737e1112e576727e9c7b189c5ed976710d30bd5fb2af76?s=96&d=mm&r=g","caption":"florianadmin"},"sameAs":["https:\/\/www.staffsante.fr\/espace-recruteurs"]}]}},"_links":{"self":[{"href":"https:\/\/www.staffsante.fr\/espace-recruteurs\/wp-json\/wp\/v2\/posts\/406","targetHints":{"allow":["GET"]}}],"collection":[{"href":"https:\/\/www.staffsante.fr\/espace-recruteurs\/wp-json\/wp\/v2\/posts"}],"about":[{"href":"https:\/\/www.staffsante.fr\/espace-recruteurs\/wp-json\/wp\/v2\/types\/post"}],"author":[{"embeddable":true,"href":"https:\/\/www.staffsante.fr\/espace-recruteurs\/wp-json\/wp\/v2\/users\/1"}],"replies":[{"embeddable":true,"href":"https:\/\/www.staffsante.fr\/espace-recruteurs\/wp-json\/wp\/v2\/comments?post=406"}],"version-history":[{"count":0,"href":"https:\/\/www.staffsante.fr\/espace-recruteurs\/wp-json\/wp\/v2\/posts\/406\/revisions"}],"wp:featuredmedia":[{"embeddable":true,"href":"https:\/\/www.staffsante.fr\/espace-recruteurs\/wp-json\/wp\/v2\/media\/407"}],"wp:attachment":[{"href":"https:\/\/www.staffsante.fr\/espace-recruteurs\/wp-json\/wp\/v2\/media?parent=406"}],"wp:term":[{"taxonomy":"category","embeddable":true,"href":"https:\/\/www.staffsante.fr\/espace-recruteurs\/wp-json\/wp\/v2\/categories?post=406"},{"taxonomy":"post_tag","embeddable":true,"href":"https:\/\/www.staffsante.fr\/espace-recruteurs\/wp-json\/wp\/v2\/tags?post=406"}],"curies":[{"name":"wp","href":"https:\/\/api.w.org\/{rel}","templated":true}]}}