{"id":408,"date":"2020-03-01T15:36:30","date_gmt":"2020-03-01T15:36:30","guid":{"rendered":"https:\/\/recruiter.staffsante.fr\/vie-privee-vie-pro-comment-aider-vos-salaries-a-trouver-lequilibre\/"},"modified":"2025-10-17T07:05:00","modified_gmt":"2025-10-17T07:05:00","slug":"vie-privee-vie-pro-comment-aider-vos-salaries-a-trouver-lequilibre","status":"publish","type":"post","link":"https:\/\/www.staffsante.fr\/espace-recruteurs\/vie-privee-vie-pro-comment-aider-vos-salaries-a-trouver-lequilibre\/","title":{"rendered":"Vie priv\u00e9e \/ vie pro : comment aider vos salari\u00e9s \u00e0 trouver l&rsquo;\u00e9quilibre ?"},"content":{"rendered":"<p>Alors que la fronti\u00e8re entre <strong>vie professionnelle et vie priv\u00e9e<\/strong> est souvent mince, la plupart des salari\u00e9s demandent aujourd\u2019hui davantage de flexibilit\u00e9 et de soutien \u00e0 leur employeur. Des demandes plus difficiles \u00e0 satisfaire dans le secteur sanitaire ou m\u00e9dico-social.<\/p>\n<h3>Des aspirations fortes de la part des salari\u00e9s<\/h3>\n<p>En mai 2018, l\u2019enqu\u00eate \u201cWork happy\u201d du cabinet de recrutement Robert Half, les Fran\u00e7ais ne sont que <strong>12% \u00e0 se d\u00e9clarer satisfaits ou tr\u00e8s satisfaits de leur \u00e9quilibre vie priv\u00e9e \/ vie professionnell<\/strong>e. Selon les r\u00e9sultats 2018 du Barom\u00e8tre OPE de la \u201cConciliation entre vie professionnelle et vie personnelle\u201d, 92% des salari\u00e9s, trouvent \u201cimportant\u201d le sujet de l\u2019\u00e9quilibre des temps de vie. Par contre, <strong>72% d\u2019entre eux disent manquer de temps au quotidien<\/strong> et 60% trouvent que leur employeur \u201cne fait pas beaucoup de choses\u201d pour aider \u00e0 \u00e9quilibrer des temps de vie. Enfin, selon l\u2019\u00e9tude \u00ab R\u00e9v\u00e9lez vos talents \u00bb d\u2019ADP de 2018, 39 % des salari\u00e9s fran\u00e7ais ne pensent pas avoir trouv\u00e9 le bon \u00e9quilibre entre vie professionnelle et vie priv\u00e9e dans leur emploi actuel.<\/p>\n<p>On retrouve cette m\u00eame pr\u00e9occupation chez nos voisins europ\u00e9ens o\u00f9 des progr\u00e8s restent \u00e9galement \u00e0 faire. Selon un sondage r\u00e9alis\u00e9 fin 2017 par OnePoll pour Targus, 31% des travailleurs europ\u00e9ens indiquent que leurs entreprises ne permettent toujours pas un travail flexible. Car c\u2019est bien la flexibilit\u00e9 qui semble au coeur des revendications !<\/p>\n<h3>Trouver l\u2019\u00e9quilibre vie perso\/vie pro : les actions \u00e0 mettre en place<\/h3>\n<p>L\u2019\u00e9quilibre entre vie priv\u00e9e et et vie pro est donc un enjeu de taille pour les salari\u00e9s et pour les entreprises mais comment aider les salari\u00e9s \u00e0 mieux \u00e9quilibrer leur temps de travail et leur temps personnel ? Pl\u00e9biscit\u00e9 par de nombreux salari\u00e9s et entreprises, le t\u00e9l\u00e9travail est l\u2019un des moyens d\u2019offrir \u00e0 vos collaborateurs. Ce dernier a cependant ses limites car tous les m\u00e9tiers ne peuvent s\u2019exercer en t\u00e9l\u00e9travail.<\/p>\n<p>Selon les r\u00e9sultats 2017 du Barom\u00e8tre OPE de la \u201cConciliation entre vie professionnelle et vie personnelle\u201d, les mesures attendues par les salari\u00e9s sont les suivantes : la possibilit\u00e9 d\u2019<strong>am\u00e9nager les horaires de travail en fonction des contraintes parentales<\/strong> et parall\u00e8lement, une <strong>souplesse des modalit\u00e9s et des horaires de travail<\/strong>. En effet, ce sont principalement l\u2019am\u00e9nagement ou la flexibilit\u00e9 des horaires qui peuvent permettre selon eux de mieux \u00e9quilibrer vie professionnelle et vie priv\u00e9e.<\/p>\n<h3>Un \u00e9quilibre difficile pour les soignants<\/h3>\n<p>Cependant, quand on est soignant, concilier vie pro et vie perso est souvent beaucoup plus complexe car le domaine de la sant\u00e9 implique une pr\u00e9sence de personnel 365 jours par an. Le <strong>d\u00e9s\u00e9quilibre vie professionnelle \/ vie personnelle<\/strong> contribue \u00e0 l\u2019aggravation des tensions et des difficult\u00e9s qu\u2019\u00e9prouvent les soignants pour se ressourcer. Pour lutter contre ce ph\u00e9nom\u00e8ne, certaines structures tentent de mettre en place des actions telles que la modification des horaires les plus incompatibles avec la vie personnelle, l\u2019association des agents \u00e0 la d\u00e9termination de leur planning ou encore la r\u00e9duction des changements de derni\u00e8re minute. C\u2019est bien souvent l\u2019<strong>absent\u00e9isme<\/strong> qui implique des modifications de planning dont les salari\u00e9s doivent s\u2019accomoder pour sa vie personnelle. Pour cela, des outils num\u00e9riques tels que <a href=\"https:\/\/www.teamsquare-sante.fr\/etablissement-de-sante\/\">Teamsquare<\/a> peuvent vous permettre de fluidifier la gestion de vos remplacements.<\/p>\n","protected":false},"excerpt":{"rendered":"<p>Alors que la fronti\u00e8re entre vie professionnelle et vie priv\u00e9e est souvent mince, la plupart des salari\u00e9s demandent aujourd\u2019hui davantage de flexibilit\u00e9 et de soutien \u00e0 leur employeur. Des demandes plus difficiles \u00e0 satisfaire dans le secteur sanitaire ou m\u00e9dico-social.<\/p>\n","protected":false},"author":1,"featured_media":409,"comment_status":"open","ping_status":"open","sticky":false,"template":"","format":"standard","meta":{"footnotes":""},"categories":[18],"tags":[],"class_list":["post-408","post","type-post","status-publish","format-standard","has-post-thumbnail","hentry","category-conseils-rh"],"yoast_head":"<!-- This site is optimized with the Yoast SEO plugin v27.3 - https:\/\/yoast.com\/product\/yoast-seo-wordpress\/ -->\n<title>Vie priv\u00e9e \/ vie pro : comment aider vos salari\u00e9s \u00e0 trouver l&#039;\u00e9quilibre ? - Staffsant\u00e9 Recruteurs<\/title>\n<meta name=\"description\" content=\"Alors que la fronti\u00e8re entre vie professionnelle et vie priv\u00e9e est souvent mince, la plupart des salari\u00e9s demandent aujourd\u2019hui davantage de flexibilit\u00e9 et de soutien \u00e0 leur employeur. Des demandes plus difficiles \u00e0 satisfaire dans le secteur sanitaire ou m\u00e9dico-social.\" \/>\n<meta name=\"robots\" content=\"index, follow, max-snippet:-1, max-image-preview:large, max-video-preview:-1\" \/>\n<link rel=\"canonical\" href=\"https:\/\/www.staffsante.fr\/espace-recruteurs\/vie-privee-vie-pro-comment-aider-vos-salaries-a-trouver-lequilibre\/\" \/>\n<script type=\"application\/ld+json\" class=\"yoast-schema-graph\">{\"@context\":\"https:\\\/\\\/schema.org\",\"@graph\":[{\"@type\":\"Article\",\"@id\":\"https:\\\/\\\/www.staffsante.fr\\\/espace-recruteurs\\\/vie-privee-vie-pro-comment-aider-vos-salaries-a-trouver-lequilibre\\\/#article\",\"isPartOf\":{\"@id\":\"https:\\\/\\\/www.staffsante.fr\\\/espace-recruteurs\\\/vie-privee-vie-pro-comment-aider-vos-salaries-a-trouver-lequilibre\\\/\"},\"author\":{\"name\":\"florianadmin\",\"@id\":\"https:\\\/\\\/www.staffsante.fr\\\/espace-recruteurs\\\/#\\\/schema\\\/person\\\/5e9673f67f4cbbf2de596df6446ca8f2\"},\"headline\":\"Vie priv\u00e9e \\\/ vie pro : comment aider vos salari\u00e9s \u00e0 trouver l&rsquo;\u00e9quilibre ?\",\"datePublished\":\"2020-03-01T15:36:30+00:00\",\"dateModified\":\"2025-10-17T07:05:00+00:00\",\"mainEntityOfPage\":{\"@id\":\"https:\\\/\\\/www.staffsante.fr\\\/espace-recruteurs\\\/vie-privee-vie-pro-comment-aider-vos-salaries-a-trouver-lequilibre\\\/\"},\"wordCount\":580,\"commentCount\":0,\"publisher\":{\"@id\":\"https:\\\/\\\/www.staffsante.fr\\\/espace-recruteurs\\\/#organization\"},\"image\":{\"@id\":\"https:\\\/\\\/www.staffsante.fr\\\/espace-recruteurs\\\/vie-privee-vie-pro-comment-aider-vos-salaries-a-trouver-lequilibre\\\/#primaryimage\"},\"thumbnailUrl\":\"https:\\\/\\\/www.staffsante.fr\\\/espace-recruteurs\\\/wp-content\\\/uploads\\\/2025\\\/07\\\/Plan-de-travail-1-2.png\",\"articleSection\":[\"Conseils RH\"],\"inLanguage\":\"fr-FR\",\"potentialAction\":[{\"@type\":\"CommentAction\",\"name\":\"Comment\",\"target\":[\"https:\\\/\\\/www.staffsante.fr\\\/espace-recruteurs\\\/vie-privee-vie-pro-comment-aider-vos-salaries-a-trouver-lequilibre\\\/#respond\"]}]},{\"@type\":\"WebPage\",\"@id\":\"https:\\\/\\\/www.staffsante.fr\\\/espace-recruteurs\\\/vie-privee-vie-pro-comment-aider-vos-salaries-a-trouver-lequilibre\\\/\",\"url\":\"https:\\\/\\\/www.staffsante.fr\\\/espace-recruteurs\\\/vie-privee-vie-pro-comment-aider-vos-salaries-a-trouver-lequilibre\\\/\",\"name\":\"Vie priv\u00e9e \\\/ vie pro : comment aider vos salari\u00e9s \u00e0 trouver l'\u00e9quilibre ? - Staffsant\u00e9 Recruteurs\",\"isPartOf\":{\"@id\":\"https:\\\/\\\/www.staffsante.fr\\\/espace-recruteurs\\\/#website\"},\"primaryImageOfPage\":{\"@id\":\"https:\\\/\\\/www.staffsante.fr\\\/espace-recruteurs\\\/vie-privee-vie-pro-comment-aider-vos-salaries-a-trouver-lequilibre\\\/#primaryimage\"},\"image\":{\"@id\":\"https:\\\/\\\/www.staffsante.fr\\\/espace-recruteurs\\\/vie-privee-vie-pro-comment-aider-vos-salaries-a-trouver-lequilibre\\\/#primaryimage\"},\"thumbnailUrl\":\"https:\\\/\\\/www.staffsante.fr\\\/espace-recruteurs\\\/wp-content\\\/uploads\\\/2025\\\/07\\\/Plan-de-travail-1-2.png\",\"datePublished\":\"2020-03-01T15:36:30+00:00\",\"dateModified\":\"2025-10-17T07:05:00+00:00\",\"description\":\"Alors que la fronti\u00e8re entre vie professionnelle et vie priv\u00e9e est souvent mince, la plupart des salari\u00e9s demandent aujourd\u2019hui davantage de flexibilit\u00e9 et de soutien \u00e0 leur employeur. Des demandes plus difficiles \u00e0 satisfaire dans le secteur sanitaire ou m\u00e9dico-social.\",\"breadcrumb\":{\"@id\":\"https:\\\/\\\/www.staffsante.fr\\\/espace-recruteurs\\\/vie-privee-vie-pro-comment-aider-vos-salaries-a-trouver-lequilibre\\\/#breadcrumb\"},\"inLanguage\":\"fr-FR\",\"potentialAction\":[{\"@type\":\"ReadAction\",\"target\":[\"https:\\\/\\\/www.staffsante.fr\\\/espace-recruteurs\\\/vie-privee-vie-pro-comment-aider-vos-salaries-a-trouver-lequilibre\\\/\"]}]},{\"@type\":\"ImageObject\",\"inLanguage\":\"fr-FR\",\"@id\":\"https:\\\/\\\/www.staffsante.fr\\\/espace-recruteurs\\\/vie-privee-vie-pro-comment-aider-vos-salaries-a-trouver-lequilibre\\\/#primaryimage\",\"url\":\"https:\\\/\\\/www.staffsante.fr\\\/espace-recruteurs\\\/wp-content\\\/uploads\\\/2025\\\/07\\\/Plan-de-travail-1-2.png\",\"contentUrl\":\"https:\\\/\\\/www.staffsante.fr\\\/espace-recruteurs\\\/wp-content\\\/uploads\\\/2025\\\/07\\\/Plan-de-travail-1-2.png\",\"width\":300,\"height\":185},{\"@type\":\"BreadcrumbList\",\"@id\":\"https:\\\/\\\/www.staffsante.fr\\\/espace-recruteurs\\\/vie-privee-vie-pro-comment-aider-vos-salaries-a-trouver-lequilibre\\\/#breadcrumb\",\"itemListElement\":[{\"@type\":\"ListItem\",\"position\":1,\"name\":\"Accueil\",\"item\":\"https:\\\/\\\/www.staffsante.fr\\\/espace-recruteurs\\\/\"},{\"@type\":\"ListItem\",\"position\":2,\"name\":\"Conseils RH\",\"item\":\"https:\\\/\\\/www.staffsante.fr\\\/espace-recruteurs\\\/categorie\\\/conseils-rh\\\/\"},{\"@type\":\"ListItem\",\"position\":3,\"name\":\"Vie priv\u00e9e \\\/ vie pro : comment aider vos salari\u00e9s \u00e0 trouver l&rsquo;\u00e9quilibre ?\"}]},{\"@type\":\"WebSite\",\"@id\":\"https:\\\/\\\/www.staffsante.fr\\\/espace-recruteurs\\\/#website\",\"url\":\"https:\\\/\\\/www.staffsante.fr\\\/espace-recruteurs\\\/\",\"name\":\"Staffsant\u00e9 Recruteurs\",\"description\":\"\",\"publisher\":{\"@id\":\"https:\\\/\\\/www.staffsante.fr\\\/espace-recruteurs\\\/#organization\"},\"potentialAction\":[{\"@type\":\"SearchAction\",\"target\":{\"@type\":\"EntryPoint\",\"urlTemplate\":\"https:\\\/\\\/www.staffsante.fr\\\/espace-recruteurs\\\/?s={search_term_string}\"},\"query-input\":{\"@type\":\"PropertyValueSpecification\",\"valueRequired\":true,\"valueName\":\"search_term_string\"}}],\"inLanguage\":\"fr-FR\"},{\"@type\":\"Organization\",\"@id\":\"https:\\\/\\\/www.staffsante.fr\\\/espace-recruteurs\\\/#organization\",\"name\":\"Staffsant\u00e9 Recruteurs\",\"url\":\"https:\\\/\\\/www.staffsante.fr\\\/espace-recruteurs\\\/\",\"logo\":{\"@type\":\"ImageObject\",\"inLanguage\":\"fr-FR\",\"@id\":\"https:\\\/\\\/www.staffsante.fr\\\/espace-recruteurs\\\/#\\\/schema\\\/logo\\\/image\\\/\",\"url\":\"https:\\\/\\\/www.staffsante.fr\\\/espace-recruteurs\\\/wp-content\\\/uploads\\\/2025\\\/07\\\/logo-hospimedia.webp\",\"contentUrl\":\"https:\\\/\\\/www.staffsante.fr\\\/espace-recruteurs\\\/wp-content\\\/uploads\\\/2025\\\/07\\\/logo-hospimedia.webp\",\"width\":208,\"height\":53,\"caption\":\"Staffsant\u00e9 Recruteurs\"},\"image\":{\"@id\":\"https:\\\/\\\/www.staffsante.fr\\\/espace-recruteurs\\\/#\\\/schema\\\/logo\\\/image\\\/\"}},{\"@type\":\"Person\",\"@id\":\"https:\\\/\\\/www.staffsante.fr\\\/espace-recruteurs\\\/#\\\/schema\\\/person\\\/5e9673f67f4cbbf2de596df6446ca8f2\",\"name\":\"florianadmin\",\"image\":{\"@type\":\"ImageObject\",\"inLanguage\":\"fr-FR\",\"@id\":\"https:\\\/\\\/secure.gravatar.com\\\/avatar\\\/a0b0deb88156dea33d737e1112e576727e9c7b189c5ed976710d30bd5fb2af76?s=96&d=mm&r=g\",\"url\":\"https:\\\/\\\/secure.gravatar.com\\\/avatar\\\/a0b0deb88156dea33d737e1112e576727e9c7b189c5ed976710d30bd5fb2af76?s=96&d=mm&r=g\",\"contentUrl\":\"https:\\\/\\\/secure.gravatar.com\\\/avatar\\\/a0b0deb88156dea33d737e1112e576727e9c7b189c5ed976710d30bd5fb2af76?s=96&d=mm&r=g\",\"caption\":\"florianadmin\"},\"sameAs\":[\"https:\\\/\\\/www.staffsante.fr\\\/espace-recruteurs\"]}]}<\/script>\n<!-- \/ Yoast SEO plugin. -->","yoast_head_json":{"title":"Vie priv\u00e9e \/ vie pro : comment aider vos salari\u00e9s \u00e0 trouver l'\u00e9quilibre ? - Staffsant\u00e9 Recruteurs","description":"Alors que la fronti\u00e8re entre vie professionnelle et vie priv\u00e9e est souvent mince, la plupart des salari\u00e9s demandent aujourd\u2019hui davantage de flexibilit\u00e9 et de soutien \u00e0 leur employeur. Des demandes plus difficiles \u00e0 satisfaire dans le secteur sanitaire ou m\u00e9dico-social.","robots":{"index":"index","follow":"follow","max-snippet":"max-snippet:-1","max-image-preview":"max-image-preview:large","max-video-preview":"max-video-preview:-1"},"canonical":"https:\/\/www.staffsante.fr\/espace-recruteurs\/vie-privee-vie-pro-comment-aider-vos-salaries-a-trouver-lequilibre\/","schema":{"@context":"https:\/\/schema.org","@graph":[{"@type":"Article","@id":"https:\/\/www.staffsante.fr\/espace-recruteurs\/vie-privee-vie-pro-comment-aider-vos-salaries-a-trouver-lequilibre\/#article","isPartOf":{"@id":"https:\/\/www.staffsante.fr\/espace-recruteurs\/vie-privee-vie-pro-comment-aider-vos-salaries-a-trouver-lequilibre\/"},"author":{"name":"florianadmin","@id":"https:\/\/www.staffsante.fr\/espace-recruteurs\/#\/schema\/person\/5e9673f67f4cbbf2de596df6446ca8f2"},"headline":"Vie priv\u00e9e \/ vie pro : comment aider vos salari\u00e9s \u00e0 trouver l&rsquo;\u00e9quilibre ?","datePublished":"2020-03-01T15:36:30+00:00","dateModified":"2025-10-17T07:05:00+00:00","mainEntityOfPage":{"@id":"https:\/\/www.staffsante.fr\/espace-recruteurs\/vie-privee-vie-pro-comment-aider-vos-salaries-a-trouver-lequilibre\/"},"wordCount":580,"commentCount":0,"publisher":{"@id":"https:\/\/www.staffsante.fr\/espace-recruteurs\/#organization"},"image":{"@id":"https:\/\/www.staffsante.fr\/espace-recruteurs\/vie-privee-vie-pro-comment-aider-vos-salaries-a-trouver-lequilibre\/#primaryimage"},"thumbnailUrl":"https:\/\/www.staffsante.fr\/espace-recruteurs\/wp-content\/uploads\/2025\/07\/Plan-de-travail-1-2.png","articleSection":["Conseils RH"],"inLanguage":"fr-FR","potentialAction":[{"@type":"CommentAction","name":"Comment","target":["https:\/\/www.staffsante.fr\/espace-recruteurs\/vie-privee-vie-pro-comment-aider-vos-salaries-a-trouver-lequilibre\/#respond"]}]},{"@type":"WebPage","@id":"https:\/\/www.staffsante.fr\/espace-recruteurs\/vie-privee-vie-pro-comment-aider-vos-salaries-a-trouver-lequilibre\/","url":"https:\/\/www.staffsante.fr\/espace-recruteurs\/vie-privee-vie-pro-comment-aider-vos-salaries-a-trouver-lequilibre\/","name":"Vie priv\u00e9e \/ vie pro : comment aider vos salari\u00e9s \u00e0 trouver l'\u00e9quilibre ? - Staffsant\u00e9 Recruteurs","isPartOf":{"@id":"https:\/\/www.staffsante.fr\/espace-recruteurs\/#website"},"primaryImageOfPage":{"@id":"https:\/\/www.staffsante.fr\/espace-recruteurs\/vie-privee-vie-pro-comment-aider-vos-salaries-a-trouver-lequilibre\/#primaryimage"},"image":{"@id":"https:\/\/www.staffsante.fr\/espace-recruteurs\/vie-privee-vie-pro-comment-aider-vos-salaries-a-trouver-lequilibre\/#primaryimage"},"thumbnailUrl":"https:\/\/www.staffsante.fr\/espace-recruteurs\/wp-content\/uploads\/2025\/07\/Plan-de-travail-1-2.png","datePublished":"2020-03-01T15:36:30+00:00","dateModified":"2025-10-17T07:05:00+00:00","description":"Alors que la fronti\u00e8re entre vie professionnelle et vie priv\u00e9e est souvent mince, la plupart des salari\u00e9s demandent aujourd\u2019hui davantage de flexibilit\u00e9 et de soutien \u00e0 leur employeur. Des demandes plus difficiles \u00e0 satisfaire dans le secteur sanitaire ou m\u00e9dico-social.","breadcrumb":{"@id":"https:\/\/www.staffsante.fr\/espace-recruteurs\/vie-privee-vie-pro-comment-aider-vos-salaries-a-trouver-lequilibre\/#breadcrumb"},"inLanguage":"fr-FR","potentialAction":[{"@type":"ReadAction","target":["https:\/\/www.staffsante.fr\/espace-recruteurs\/vie-privee-vie-pro-comment-aider-vos-salaries-a-trouver-lequilibre\/"]}]},{"@type":"ImageObject","inLanguage":"fr-FR","@id":"https:\/\/www.staffsante.fr\/espace-recruteurs\/vie-privee-vie-pro-comment-aider-vos-salaries-a-trouver-lequilibre\/#primaryimage","url":"https:\/\/www.staffsante.fr\/espace-recruteurs\/wp-content\/uploads\/2025\/07\/Plan-de-travail-1-2.png","contentUrl":"https:\/\/www.staffsante.fr\/espace-recruteurs\/wp-content\/uploads\/2025\/07\/Plan-de-travail-1-2.png","width":300,"height":185},{"@type":"BreadcrumbList","@id":"https:\/\/www.staffsante.fr\/espace-recruteurs\/vie-privee-vie-pro-comment-aider-vos-salaries-a-trouver-lequilibre\/#breadcrumb","itemListElement":[{"@type":"ListItem","position":1,"name":"Accueil","item":"https:\/\/www.staffsante.fr\/espace-recruteurs\/"},{"@type":"ListItem","position":2,"name":"Conseils RH","item":"https:\/\/www.staffsante.fr\/espace-recruteurs\/categorie\/conseils-rh\/"},{"@type":"ListItem","position":3,"name":"Vie priv\u00e9e \/ vie pro : comment aider vos salari\u00e9s \u00e0 trouver l&rsquo;\u00e9quilibre ?"}]},{"@type":"WebSite","@id":"https:\/\/www.staffsante.fr\/espace-recruteurs\/#website","url":"https:\/\/www.staffsante.fr\/espace-recruteurs\/","name":"Staffsant\u00e9 Recruteurs","description":"","publisher":{"@id":"https:\/\/www.staffsante.fr\/espace-recruteurs\/#organization"},"potentialAction":[{"@type":"SearchAction","target":{"@type":"EntryPoint","urlTemplate":"https:\/\/www.staffsante.fr\/espace-recruteurs\/?s={search_term_string}"},"query-input":{"@type":"PropertyValueSpecification","valueRequired":true,"valueName":"search_term_string"}}],"inLanguage":"fr-FR"},{"@type":"Organization","@id":"https:\/\/www.staffsante.fr\/espace-recruteurs\/#organization","name":"Staffsant\u00e9 Recruteurs","url":"https:\/\/www.staffsante.fr\/espace-recruteurs\/","logo":{"@type":"ImageObject","inLanguage":"fr-FR","@id":"https:\/\/www.staffsante.fr\/espace-recruteurs\/#\/schema\/logo\/image\/","url":"https:\/\/www.staffsante.fr\/espace-recruteurs\/wp-content\/uploads\/2025\/07\/logo-hospimedia.webp","contentUrl":"https:\/\/www.staffsante.fr\/espace-recruteurs\/wp-content\/uploads\/2025\/07\/logo-hospimedia.webp","width":208,"height":53,"caption":"Staffsant\u00e9 Recruteurs"},"image":{"@id":"https:\/\/www.staffsante.fr\/espace-recruteurs\/#\/schema\/logo\/image\/"}},{"@type":"Person","@id":"https:\/\/www.staffsante.fr\/espace-recruteurs\/#\/schema\/person\/5e9673f67f4cbbf2de596df6446ca8f2","name":"florianadmin","image":{"@type":"ImageObject","inLanguage":"fr-FR","@id":"https:\/\/secure.gravatar.com\/avatar\/a0b0deb88156dea33d737e1112e576727e9c7b189c5ed976710d30bd5fb2af76?s=96&d=mm&r=g","url":"https:\/\/secure.gravatar.com\/avatar\/a0b0deb88156dea33d737e1112e576727e9c7b189c5ed976710d30bd5fb2af76?s=96&d=mm&r=g","contentUrl":"https:\/\/secure.gravatar.com\/avatar\/a0b0deb88156dea33d737e1112e576727e9c7b189c5ed976710d30bd5fb2af76?s=96&d=mm&r=g","caption":"florianadmin"},"sameAs":["https:\/\/www.staffsante.fr\/espace-recruteurs"]}]}},"_links":{"self":[{"href":"https:\/\/www.staffsante.fr\/espace-recruteurs\/wp-json\/wp\/v2\/posts\/408","targetHints":{"allow":["GET"]}}],"collection":[{"href":"https:\/\/www.staffsante.fr\/espace-recruteurs\/wp-json\/wp\/v2\/posts"}],"about":[{"href":"https:\/\/www.staffsante.fr\/espace-recruteurs\/wp-json\/wp\/v2\/types\/post"}],"author":[{"embeddable":true,"href":"https:\/\/www.staffsante.fr\/espace-recruteurs\/wp-json\/wp\/v2\/users\/1"}],"replies":[{"embeddable":true,"href":"https:\/\/www.staffsante.fr\/espace-recruteurs\/wp-json\/wp\/v2\/comments?post=408"}],"version-history":[{"count":0,"href":"https:\/\/www.staffsante.fr\/espace-recruteurs\/wp-json\/wp\/v2\/posts\/408\/revisions"}],"wp:featuredmedia":[{"embeddable":true,"href":"https:\/\/www.staffsante.fr\/espace-recruteurs\/wp-json\/wp\/v2\/media\/409"}],"wp:attachment":[{"href":"https:\/\/www.staffsante.fr\/espace-recruteurs\/wp-json\/wp\/v2\/media?parent=408"}],"wp:term":[{"taxonomy":"category","embeddable":true,"href":"https:\/\/www.staffsante.fr\/espace-recruteurs\/wp-json\/wp\/v2\/categories?post=408"},{"taxonomy":"post_tag","embeddable":true,"href":"https:\/\/www.staffsante.fr\/espace-recruteurs\/wp-json\/wp\/v2\/tags?post=408"}],"curies":[{"name":"wp","href":"https:\/\/api.w.org\/{rel}","templated":true}]}}