{"id":538,"date":"2021-07-09T14:23:54","date_gmt":"2021-07-09T14:23:54","guid":{"rendered":"https:\/\/recruiter.staffsante.fr\/lintegration-des-paramedicaux-dans-la-grille-indiciaire-a-type-se-precise\/"},"modified":"2025-09-29T14:47:47","modified_gmt":"2025-09-29T14:47:47","slug":"lintegration-des-paramedicaux-dans-la-grille-indiciaire-a-type-se-precise","status":"publish","type":"post","link":"https:\/\/www.staffsante.fr\/espace-recruteurs\/lintegration-des-paramedicaux-dans-la-grille-indiciaire-a-type-se-precise\/","title":{"rendered":"L&rsquo;int\u00e9gration des param\u00e9dicaux dans la grille indiciaire \u00ab\u00a0A-type\u00a0\u00bb se pr\u00e9cise"},"content":{"rendered":"<p><a href=\"https:\/\/www.staffsante.fr\/espace-recruteurs\/wp-content\/uploads\/2021\/03\/hospimedia-logo-article.png\"><img decoding=\"async\" class=\" wp-image-2437 alignleft\" src=\"https:\/\/www.staffsante.fr\/espace-recruteurs\/wp-content\/uploads\/2021\/03\/hospimedia-logo-article.png\" alt=\"\" width=\"226\" height=\"50\" \/><\/a>Publi\u00e9 le 22\/06\/21 par Thomas Qu\u00e9guiner<\/p>\n<p><a href=\"https:\/\/abonnes.hospimedia.fr\/articles\/20210622-ressources-humaines-l-integration-des-paramedicaux-dans-la\" target=\"_blank\" rel=\"noopener\">Article Hospimedia<\/a><\/p>\n<p>&nbsp;<\/p>\n<p><strong>Cadres de sant\u00e9, infirmiers g\u00e9n\u00e9raux et sp\u00e9cialis\u00e9s, Iade, auxiliaires m\u00e9dicaux en pratique avanc\u00e9e, personnels de r\u00e9\u00e9ducation et manipulateurs en \u00e9lectroradiologie. \u00c0 travers sept projets de d\u00e9cret, la DGOS expose \u00e0 tous ces param\u00e9dicaux en cat\u00e9gorie\u00a0A leur nouvelle structure de carri\u00e8re et, ce qui en d\u00e9coule, leur nouvel \u00e9chelonnement indiciaire.<\/strong><\/p>\n<div id=\"attachment_2509\" style=\"width: 910px\" class=\"wp-caption aligncenter\"><a href=\"https:\/\/www.staffsante.fr\/espace-recruteurs\/wp-content\/uploads\/2021\/07\/IMG-article-.jpeg\"><img decoding=\"async\" aria-describedby=\"caption-attachment-2509\" class=\"size-full wp-image-2509\" src=\"https:\/\/www.staffsante.fr\/espace-recruteurs\/wp-content\/uploads\/2021\/07\/IMG-article-.jpeg\" alt=\"\" width=\"900\" height=\"506\" \/><\/a><p id=\"caption-attachment-2509\" class=\"wp-caption-text\">Pour le minist\u00e8re des Solidarit\u00e9s et de la Sant\u00e9, l&rsquo;int\u00e9gration des param\u00e9dicaux de cat\u00e9gorie A dans la grille \u00ab\u00a0A-type\u00a0\u00bb respecte les bornages indiciaires tout en l&rsquo;adaptant pour que quatre grades puissent y prendre place. (Pascal Bachelet \/ BSIP)<\/p><\/div>\n<p>Le 1<sup>er<\/sup>\u00a0juillet \u00e0 l&rsquo;occasion du prochain Conseil sup\u00e9rieur de la fonction publique hospitali\u00e8re, la DGOS pr\u00e9sentera aux partenaires sociaux un projet de d\u00e9cret statutaire modifiant plusieurs d\u00e9crets portant statuts particuliers de corps param\u00e9dicaux de la cat\u00e9gorie\u00a0A. Ce texte, dont\u00a0<em>Hospimedia<\/em>\u00a0a obtenu copie et qui s&rsquo;accompagne de six autres projets de d\u00e9cret d&rsquo;\u00e9chelonnement indiciaire\u00a0(\u00e0 t\u00e9l\u00e9charger ci-dessous), font en r\u00e9alit\u00e9 \u00e9cho au S\u00e9gur de la sant\u00e9, qui pr\u00e9voit d&rsquo;int\u00e9grer les corps param\u00e9dicaux de cat\u00e9gorie A que sont les personnels titulaires soignants, m\u00e9dico-techniques et de r\u00e9\u00e9ducation dans la grille indiciaire dite \u00ab\u00a0A-type\u00a0\u00bb. En l&rsquo;occurrence, cela vise directement les infirmiers en soins g\u00e9n\u00e9raux et sp\u00e9cialis\u00e9s, les infirmiers anesth\u00e9sistes\u00a0(Iade), les manipulateurs en \u00e9lectroradiologie m\u00e9dicale, les cadres de sant\u00e9 param\u00e9dicaux, les auxiliaires m\u00e9dicaux exerc\u0327ant en pratique avanc\u00e9e, les masseurs-kin\u00e9sith\u00e9rapeutes, les p\u00e9dicures-podologues, les ergoth\u00e9rapeutes, les psychomotriciens, les orthophonistes et les orthoptistes\u00a0(lire\u00a0<a href=\"https:\/\/abonnes.hospimedia.fr\/articles\/20210412-dialogue-social-les-paramedicaux-du-public-verront-leurs\" target=\"_blank\" rel=\"noopener\" data-tracking=\"Maillage\" data-tracking-action=\"RenforcementInline\">ici<\/a>\u00a0et\u00a0<a href=\"https:\/\/abonnes.hospimedia.fr\/articles\/20210416-dialogue-social-les-paramedicaux-conservent-un-sentiment-d\" target=\"_blank\" rel=\"noopener\" data-tracking=\"Maillage\" data-tracking-action=\"RenforcementInline\">l\u00e0<\/a>\u00a0nos articles).<\/p>\n<h2>Une d\u00e9roulement de carri\u00e8re sur 2\u00a0grades<\/h2>\n<p>Pour chacun des corps concern\u00e9s, le projet de d\u00e9cret statutaire modifie le nombre et la dur\u00e9e des \u00e9chelons des grades et fixe les nouvelles modalit\u00e9s d&rsquo;avancement et de classement \u00e0 la suite d&rsquo;un avancement. S&rsquo;ajoutent \u00e0 cela les modalit\u00e9s de reclassement dans les nouvelles structures de carri\u00e8re, ainsi que les dispositions transitoires applicables aux agents promouvables au moment de l&rsquo;entr\u00e9e en vigueur du texte. Pour le minist\u00e8re des Solidarit\u00e9s et de la Sant\u00e9, \u00ab\u00a0<em>la\u00a0<\/em><em>grille \u00ab\u00a0A-type\u00a0\u00bb est respect\u00e9e dan<\/em><em>s ses bornages indiciaires et a \u00e9t\u00e9 adapt\u00e9e pour que quatre grades y prennent place. La revalorisation de chaque corps concern\u00e9 est \u00e9tablie sur un d\u00e9roulement de carri\u00e8re sur deux grades, soit 35<\/em>\u00a0<em>ans en moyenne.<\/em>\u00a0\u00bb Quant au positionnement des corps sur les diff\u00e9rents grades\u00a0(de G1 \u00e0 G4, lire l&rsquo;encadr\u00e9), il \u00ab\u00a0<em>correspond au niveau de diplo\u0302me initial requis, permettant l&rsquo;acc\u00e8s au corps, ou au niveau de responsabilit\u00e9s<\/em>\u00a0<em>(enc<\/em><em>adrement)<\/em>\u00ab\u00a0.<\/p>\n<p>&nbsp;<\/p>\n<h2>La r\u00e9partition des quatre grades\u00a0:<\/h2>\n<ul>\n<li>grades G1 et G2\u00a0: infirmiers en soins g\u00e9n\u00e9raux, manipulateurs d&rsquo;\u00e9lectroradiologie m\u00e9dicale, ergoth\u00e9rapeutes, orthoptistes, psychomotriciens et p\u00e9dicures-podologues\u00a0;<\/li>\n<\/ul>\n<ul>\n<li>grades G2 et G3\u00a0: infirmiers de bloc op\u00e9ratoire\u00a0(Ibode), pu\u00e9riculteurs, infirmiers anesth\u00e9sistes\u00a0(Iade), auxiliaires m\u00e9dicaux exerc\u0327ant en pratique avanc\u00e9e, masseur-kin\u00e9sith\u00e9rapeutes et orthophonistes\u00a0;<\/li>\n<\/ul>\n<ul>\n<li>grades G3 et G4 : cadres de sant\u00e9 param\u00e9dicaux.<\/li>\n<\/ul>\n<p>En parall\u00e8le, les six projets de d\u00e9cret d&rsquo;\u00e9chelonnement indiciaire transposent ces nouvelles structures de carri\u00e8re en fixant les nouvelles grilles indiciaires applicables.<\/p>\n<h4>Liens et documents associ\u00e9s<\/h4>\n<ul>\n<li><a href=\"https:\/\/s3-eu-west-1.amazonaws.com\/static.hospimedia.fr\/documents\/215141\/6862\/De%CC%81cret_statutaire_Parame%CC%81dicaux_cat_A_VF7.pdf?1624367204\" target=\"_blank\" rel=\"noopener\" data-tracking=\"Maillage\" data-tracking-action=\"PlusLoinRessourceExterne\">Le projet de d\u00e9cret statutaire [PDF]<\/a><\/li>\n<li><a href=\"https:\/\/s3-eu-west-1.amazonaws.com\/static.hospimedia.fr\/documents\/215141\/6863\/6_De%CC%81crets_e%CC%81chelonnement_indiciaire.pdf?1624367204\" target=\"_blank\" rel=\"noopener\" data-tracking=\"Maillage\" data-tracking-action=\"PlusLoinRessourceExterne\">Les 6 projets de d\u00e9cret d&rsquo;\u00e9chelonnement indiciaire [PDF]<\/a><\/li>\n<\/ul>\n<p style=\"text-align: right;\"><span style=\"line-height: 19pt; font-size: 10pt;\">Tous droits r\u00e9serv\u00e9s 2001\/2021 \u2014 HOSPIMEDIA<\/span><\/p>\n","protected":false},"excerpt":{"rendered":"<p>Publi\u00e9 le 22\/06\/21 par Thomas Qu\u00e9guiner Article Hospimedia &nbsp; Cadres  [&#8230;]<\/p>\n","protected":false},"author":1,"featured_media":539,"comment_status":"open","ping_status":"open","sticky":false,"template":"","format":"standard","meta":{"footnotes":""},"categories":[18],"tags":[],"class_list":["post-538","post","type-post","status-publish","format-standard","has-post-thumbnail","hentry","category-conseils-rh"],"yoast_head":"<!-- This site is optimized with the Yoast SEO plugin v27.3 - https:\/\/yoast.com\/product\/yoast-seo-wordpress\/ -->\n<title>L&#039;int\u00e9gration des param\u00e9dicaux dans la grille indiciaire &quot;A-type&quot; se pr\u00e9cise - Staffsant\u00e9 Recruteurs<\/title>\n<meta name=\"description\" content=\"Publi\u00e9 le 22\/06\/21 par Thomas Qu\u00e9guiner Article Hospimedia &nbsp; Cadres de sant\u00e9, infirmiers g\u00e9n\u00e9raux et sp\u00e9cialis\u00e9s, Iade, auxiliaires m\u00e9dicaux en\" \/>\n<meta name=\"robots\" content=\"index, follow, max-snippet:-1, max-image-preview:large, max-video-preview:-1\" \/>\n<link rel=\"canonical\" href=\"https:\/\/www.staffsante.fr\/espace-recruteurs\/lintegration-des-paramedicaux-dans-la-grille-indiciaire-a-type-se-precise\/\" \/>\n<script type=\"application\/ld+json\" class=\"yoast-schema-graph\">{\"@context\":\"https:\\\/\\\/schema.org\",\"@graph\":[{\"@type\":\"Article\",\"@id\":\"https:\\\/\\\/www.staffsante.fr\\\/espace-recruteurs\\\/lintegration-des-paramedicaux-dans-la-grille-indiciaire-a-type-se-precise\\\/#article\",\"isPartOf\":{\"@id\":\"https:\\\/\\\/www.staffsante.fr\\\/espace-recruteurs\\\/lintegration-des-paramedicaux-dans-la-grille-indiciaire-a-type-se-precise\\\/\"},\"author\":{\"name\":\"florianadmin\",\"@id\":\"https:\\\/\\\/www.staffsante.fr\\\/espace-recruteurs\\\/#\\\/schema\\\/person\\\/5e9673f67f4cbbf2de596df6446ca8f2\"},\"headline\":\"L&rsquo;int\u00e9gration des param\u00e9dicaux dans la grille indiciaire \u00ab\u00a0A-type\u00a0\u00bb se pr\u00e9cise\",\"datePublished\":\"2021-07-09T14:23:54+00:00\",\"dateModified\":\"2025-09-29T14:47:47+00:00\",\"mainEntityOfPage\":{\"@id\":\"https:\\\/\\\/www.staffsante.fr\\\/espace-recruteurs\\\/lintegration-des-paramedicaux-dans-la-grille-indiciaire-a-type-se-precise\\\/\"},\"wordCount\":611,\"commentCount\":0,\"publisher\":{\"@id\":\"https:\\\/\\\/www.staffsante.fr\\\/espace-recruteurs\\\/#organization\"},\"image\":{\"@id\":\"https:\\\/\\\/www.staffsante.fr\\\/espace-recruteurs\\\/lintegration-des-paramedicaux-dans-la-grille-indiciaire-a-type-se-precise\\\/#primaryimage\"},\"thumbnailUrl\":\"https:\\\/\\\/www.staffsante.fr\\\/espace-recruteurs\\\/wp-content\\\/uploads\\\/2025\\\/07\\\/unnamed-12.jpg\",\"articleSection\":[\"Conseils RH\"],\"inLanguage\":\"fr-FR\",\"potentialAction\":[{\"@type\":\"CommentAction\",\"name\":\"Comment\",\"target\":[\"https:\\\/\\\/www.staffsante.fr\\\/espace-recruteurs\\\/lintegration-des-paramedicaux-dans-la-grille-indiciaire-a-type-se-precise\\\/#respond\"]}]},{\"@type\":\"WebPage\",\"@id\":\"https:\\\/\\\/www.staffsante.fr\\\/espace-recruteurs\\\/lintegration-des-paramedicaux-dans-la-grille-indiciaire-a-type-se-precise\\\/\",\"url\":\"https:\\\/\\\/www.staffsante.fr\\\/espace-recruteurs\\\/lintegration-des-paramedicaux-dans-la-grille-indiciaire-a-type-se-precise\\\/\",\"name\":\"L'int\u00e9gration des param\u00e9dicaux dans la grille indiciaire \\\"A-type\\\" se pr\u00e9cise - Staffsant\u00e9 Recruteurs\",\"isPartOf\":{\"@id\":\"https:\\\/\\\/www.staffsante.fr\\\/espace-recruteurs\\\/#website\"},\"primaryImageOfPage\":{\"@id\":\"https:\\\/\\\/www.staffsante.fr\\\/espace-recruteurs\\\/lintegration-des-paramedicaux-dans-la-grille-indiciaire-a-type-se-precise\\\/#primaryimage\"},\"image\":{\"@id\":\"https:\\\/\\\/www.staffsante.fr\\\/espace-recruteurs\\\/lintegration-des-paramedicaux-dans-la-grille-indiciaire-a-type-se-precise\\\/#primaryimage\"},\"thumbnailUrl\":\"https:\\\/\\\/www.staffsante.fr\\\/espace-recruteurs\\\/wp-content\\\/uploads\\\/2025\\\/07\\\/unnamed-12.jpg\",\"datePublished\":\"2021-07-09T14:23:54+00:00\",\"dateModified\":\"2025-09-29T14:47:47+00:00\",\"description\":\"Publi\u00e9 le 22\\\/06\\\/21 par Thomas Qu\u00e9guiner Article Hospimedia &nbsp; Cadres de sant\u00e9, infirmiers g\u00e9n\u00e9raux et sp\u00e9cialis\u00e9s, Iade, auxiliaires m\u00e9dicaux en\",\"breadcrumb\":{\"@id\":\"https:\\\/\\\/www.staffsante.fr\\\/espace-recruteurs\\\/lintegration-des-paramedicaux-dans-la-grille-indiciaire-a-type-se-precise\\\/#breadcrumb\"},\"inLanguage\":\"fr-FR\",\"potentialAction\":[{\"@type\":\"ReadAction\",\"target\":[\"https:\\\/\\\/www.staffsante.fr\\\/espace-recruteurs\\\/lintegration-des-paramedicaux-dans-la-grille-indiciaire-a-type-se-precise\\\/\"]}]},{\"@type\":\"ImageObject\",\"inLanguage\":\"fr-FR\",\"@id\":\"https:\\\/\\\/www.staffsante.fr\\\/espace-recruteurs\\\/lintegration-des-paramedicaux-dans-la-grille-indiciaire-a-type-se-precise\\\/#primaryimage\",\"url\":\"https:\\\/\\\/www.staffsante.fr\\\/espace-recruteurs\\\/wp-content\\\/uploads\\\/2025\\\/07\\\/unnamed-12.jpg\",\"contentUrl\":\"https:\\\/\\\/www.staffsante.fr\\\/espace-recruteurs\\\/wp-content\\\/uploads\\\/2025\\\/07\\\/unnamed-12.jpg\",\"width\":306,\"height\":221,\"caption\":\"param\u00e9dicaux grille indiciaire A-type\"},{\"@type\":\"BreadcrumbList\",\"@id\":\"https:\\\/\\\/www.staffsante.fr\\\/espace-recruteurs\\\/lintegration-des-paramedicaux-dans-la-grille-indiciaire-a-type-se-precise\\\/#breadcrumb\",\"itemListElement\":[{\"@type\":\"ListItem\",\"position\":1,\"name\":\"Accueil\",\"item\":\"https:\\\/\\\/www.staffsante.fr\\\/espace-recruteurs\\\/\"},{\"@type\":\"ListItem\",\"position\":2,\"name\":\"Conseils RH\",\"item\":\"https:\\\/\\\/www.staffsante.fr\\\/espace-recruteurs\\\/categorie\\\/conseils-rh\\\/\"},{\"@type\":\"ListItem\",\"position\":3,\"name\":\"L&rsquo;int\u00e9gration des param\u00e9dicaux dans la grille indiciaire \u00ab\u00a0A-type\u00a0\u00bb se pr\u00e9cise\"}]},{\"@type\":\"WebSite\",\"@id\":\"https:\\\/\\\/www.staffsante.fr\\\/espace-recruteurs\\\/#website\",\"url\":\"https:\\\/\\\/www.staffsante.fr\\\/espace-recruteurs\\\/\",\"name\":\"Staffsant\u00e9 Recruteurs\",\"description\":\"\",\"publisher\":{\"@id\":\"https:\\\/\\\/www.staffsante.fr\\\/espace-recruteurs\\\/#organization\"},\"potentialAction\":[{\"@type\":\"SearchAction\",\"target\":{\"@type\":\"EntryPoint\",\"urlTemplate\":\"https:\\\/\\\/www.staffsante.fr\\\/espace-recruteurs\\\/?s={search_term_string}\"},\"query-input\":{\"@type\":\"PropertyValueSpecification\",\"valueRequired\":true,\"valueName\":\"search_term_string\"}}],\"inLanguage\":\"fr-FR\"},{\"@type\":\"Organization\",\"@id\":\"https:\\\/\\\/www.staffsante.fr\\\/espace-recruteurs\\\/#organization\",\"name\":\"Staffsant\u00e9 Recruteurs\",\"url\":\"https:\\\/\\\/www.staffsante.fr\\\/espace-recruteurs\\\/\",\"logo\":{\"@type\":\"ImageObject\",\"inLanguage\":\"fr-FR\",\"@id\":\"https:\\\/\\\/www.staffsante.fr\\\/espace-recruteurs\\\/#\\\/schema\\\/logo\\\/image\\\/\",\"url\":\"https:\\\/\\\/www.staffsante.fr\\\/espace-recruteurs\\\/wp-content\\\/uploads\\\/2025\\\/07\\\/logo-hospimedia.webp\",\"contentUrl\":\"https:\\\/\\\/www.staffsante.fr\\\/espace-recruteurs\\\/wp-content\\\/uploads\\\/2025\\\/07\\\/logo-hospimedia.webp\",\"width\":208,\"height\":53,\"caption\":\"Staffsant\u00e9 Recruteurs\"},\"image\":{\"@id\":\"https:\\\/\\\/www.staffsante.fr\\\/espace-recruteurs\\\/#\\\/schema\\\/logo\\\/image\\\/\"}},{\"@type\":\"Person\",\"@id\":\"https:\\\/\\\/www.staffsante.fr\\\/espace-recruteurs\\\/#\\\/schema\\\/person\\\/5e9673f67f4cbbf2de596df6446ca8f2\",\"name\":\"florianadmin\",\"image\":{\"@type\":\"ImageObject\",\"inLanguage\":\"fr-FR\",\"@id\":\"https:\\\/\\\/secure.gravatar.com\\\/avatar\\\/a0b0deb88156dea33d737e1112e576727e9c7b189c5ed976710d30bd5fb2af76?s=96&d=mm&r=g\",\"url\":\"https:\\\/\\\/secure.gravatar.com\\\/avatar\\\/a0b0deb88156dea33d737e1112e576727e9c7b189c5ed976710d30bd5fb2af76?s=96&d=mm&r=g\",\"contentUrl\":\"https:\\\/\\\/secure.gravatar.com\\\/avatar\\\/a0b0deb88156dea33d737e1112e576727e9c7b189c5ed976710d30bd5fb2af76?s=96&d=mm&r=g\",\"caption\":\"florianadmin\"},\"sameAs\":[\"https:\\\/\\\/www.staffsante.fr\\\/espace-recruteurs\"]}]}<\/script>\n<!-- \/ Yoast SEO plugin. -->","yoast_head_json":{"title":"L'int\u00e9gration des param\u00e9dicaux dans la grille indiciaire \"A-type\" se pr\u00e9cise - Staffsant\u00e9 Recruteurs","description":"Publi\u00e9 le 22\/06\/21 par Thomas Qu\u00e9guiner Article Hospimedia &nbsp; Cadres de sant\u00e9, infirmiers g\u00e9n\u00e9raux et sp\u00e9cialis\u00e9s, Iade, auxiliaires m\u00e9dicaux en","robots":{"index":"index","follow":"follow","max-snippet":"max-snippet:-1","max-image-preview":"max-image-preview:large","max-video-preview":"max-video-preview:-1"},"canonical":"https:\/\/www.staffsante.fr\/espace-recruteurs\/lintegration-des-paramedicaux-dans-la-grille-indiciaire-a-type-se-precise\/","schema":{"@context":"https:\/\/schema.org","@graph":[{"@type":"Article","@id":"https:\/\/www.staffsante.fr\/espace-recruteurs\/lintegration-des-paramedicaux-dans-la-grille-indiciaire-a-type-se-precise\/#article","isPartOf":{"@id":"https:\/\/www.staffsante.fr\/espace-recruteurs\/lintegration-des-paramedicaux-dans-la-grille-indiciaire-a-type-se-precise\/"},"author":{"name":"florianadmin","@id":"https:\/\/www.staffsante.fr\/espace-recruteurs\/#\/schema\/person\/5e9673f67f4cbbf2de596df6446ca8f2"},"headline":"L&rsquo;int\u00e9gration des param\u00e9dicaux dans la grille indiciaire \u00ab\u00a0A-type\u00a0\u00bb se pr\u00e9cise","datePublished":"2021-07-09T14:23:54+00:00","dateModified":"2025-09-29T14:47:47+00:00","mainEntityOfPage":{"@id":"https:\/\/www.staffsante.fr\/espace-recruteurs\/lintegration-des-paramedicaux-dans-la-grille-indiciaire-a-type-se-precise\/"},"wordCount":611,"commentCount":0,"publisher":{"@id":"https:\/\/www.staffsante.fr\/espace-recruteurs\/#organization"},"image":{"@id":"https:\/\/www.staffsante.fr\/espace-recruteurs\/lintegration-des-paramedicaux-dans-la-grille-indiciaire-a-type-se-precise\/#primaryimage"},"thumbnailUrl":"https:\/\/www.staffsante.fr\/espace-recruteurs\/wp-content\/uploads\/2025\/07\/unnamed-12.jpg","articleSection":["Conseils RH"],"inLanguage":"fr-FR","potentialAction":[{"@type":"CommentAction","name":"Comment","target":["https:\/\/www.staffsante.fr\/espace-recruteurs\/lintegration-des-paramedicaux-dans-la-grille-indiciaire-a-type-se-precise\/#respond"]}]},{"@type":"WebPage","@id":"https:\/\/www.staffsante.fr\/espace-recruteurs\/lintegration-des-paramedicaux-dans-la-grille-indiciaire-a-type-se-precise\/","url":"https:\/\/www.staffsante.fr\/espace-recruteurs\/lintegration-des-paramedicaux-dans-la-grille-indiciaire-a-type-se-precise\/","name":"L'int\u00e9gration des param\u00e9dicaux dans la grille indiciaire \"A-type\" se pr\u00e9cise - Staffsant\u00e9 Recruteurs","isPartOf":{"@id":"https:\/\/www.staffsante.fr\/espace-recruteurs\/#website"},"primaryImageOfPage":{"@id":"https:\/\/www.staffsante.fr\/espace-recruteurs\/lintegration-des-paramedicaux-dans-la-grille-indiciaire-a-type-se-precise\/#primaryimage"},"image":{"@id":"https:\/\/www.staffsante.fr\/espace-recruteurs\/lintegration-des-paramedicaux-dans-la-grille-indiciaire-a-type-se-precise\/#primaryimage"},"thumbnailUrl":"https:\/\/www.staffsante.fr\/espace-recruteurs\/wp-content\/uploads\/2025\/07\/unnamed-12.jpg","datePublished":"2021-07-09T14:23:54+00:00","dateModified":"2025-09-29T14:47:47+00:00","description":"Publi\u00e9 le 22\/06\/21 par Thomas Qu\u00e9guiner Article Hospimedia &nbsp; Cadres de sant\u00e9, infirmiers g\u00e9n\u00e9raux et sp\u00e9cialis\u00e9s, Iade, auxiliaires m\u00e9dicaux en","breadcrumb":{"@id":"https:\/\/www.staffsante.fr\/espace-recruteurs\/lintegration-des-paramedicaux-dans-la-grille-indiciaire-a-type-se-precise\/#breadcrumb"},"inLanguage":"fr-FR","potentialAction":[{"@type":"ReadAction","target":["https:\/\/www.staffsante.fr\/espace-recruteurs\/lintegration-des-paramedicaux-dans-la-grille-indiciaire-a-type-se-precise\/"]}]},{"@type":"ImageObject","inLanguage":"fr-FR","@id":"https:\/\/www.staffsante.fr\/espace-recruteurs\/lintegration-des-paramedicaux-dans-la-grille-indiciaire-a-type-se-precise\/#primaryimage","url":"https:\/\/www.staffsante.fr\/espace-recruteurs\/wp-content\/uploads\/2025\/07\/unnamed-12.jpg","contentUrl":"https:\/\/www.staffsante.fr\/espace-recruteurs\/wp-content\/uploads\/2025\/07\/unnamed-12.jpg","width":306,"height":221,"caption":"param\u00e9dicaux grille indiciaire A-type"},{"@type":"BreadcrumbList","@id":"https:\/\/www.staffsante.fr\/espace-recruteurs\/lintegration-des-paramedicaux-dans-la-grille-indiciaire-a-type-se-precise\/#breadcrumb","itemListElement":[{"@type":"ListItem","position":1,"name":"Accueil","item":"https:\/\/www.staffsante.fr\/espace-recruteurs\/"},{"@type":"ListItem","position":2,"name":"Conseils RH","item":"https:\/\/www.staffsante.fr\/espace-recruteurs\/categorie\/conseils-rh\/"},{"@type":"ListItem","position":3,"name":"L&rsquo;int\u00e9gration des param\u00e9dicaux dans la grille indiciaire \u00ab\u00a0A-type\u00a0\u00bb se pr\u00e9cise"}]},{"@type":"WebSite","@id":"https:\/\/www.staffsante.fr\/espace-recruteurs\/#website","url":"https:\/\/www.staffsante.fr\/espace-recruteurs\/","name":"Staffsant\u00e9 Recruteurs","description":"","publisher":{"@id":"https:\/\/www.staffsante.fr\/espace-recruteurs\/#organization"},"potentialAction":[{"@type":"SearchAction","target":{"@type":"EntryPoint","urlTemplate":"https:\/\/www.staffsante.fr\/espace-recruteurs\/?s={search_term_string}"},"query-input":{"@type":"PropertyValueSpecification","valueRequired":true,"valueName":"search_term_string"}}],"inLanguage":"fr-FR"},{"@type":"Organization","@id":"https:\/\/www.staffsante.fr\/espace-recruteurs\/#organization","name":"Staffsant\u00e9 Recruteurs","url":"https:\/\/www.staffsante.fr\/espace-recruteurs\/","logo":{"@type":"ImageObject","inLanguage":"fr-FR","@id":"https:\/\/www.staffsante.fr\/espace-recruteurs\/#\/schema\/logo\/image\/","url":"https:\/\/www.staffsante.fr\/espace-recruteurs\/wp-content\/uploads\/2025\/07\/logo-hospimedia.webp","contentUrl":"https:\/\/www.staffsante.fr\/espace-recruteurs\/wp-content\/uploads\/2025\/07\/logo-hospimedia.webp","width":208,"height":53,"caption":"Staffsant\u00e9 Recruteurs"},"image":{"@id":"https:\/\/www.staffsante.fr\/espace-recruteurs\/#\/schema\/logo\/image\/"}},{"@type":"Person","@id":"https:\/\/www.staffsante.fr\/espace-recruteurs\/#\/schema\/person\/5e9673f67f4cbbf2de596df6446ca8f2","name":"florianadmin","image":{"@type":"ImageObject","inLanguage":"fr-FR","@id":"https:\/\/secure.gravatar.com\/avatar\/a0b0deb88156dea33d737e1112e576727e9c7b189c5ed976710d30bd5fb2af76?s=96&d=mm&r=g","url":"https:\/\/secure.gravatar.com\/avatar\/a0b0deb88156dea33d737e1112e576727e9c7b189c5ed976710d30bd5fb2af76?s=96&d=mm&r=g","contentUrl":"https:\/\/secure.gravatar.com\/avatar\/a0b0deb88156dea33d737e1112e576727e9c7b189c5ed976710d30bd5fb2af76?s=96&d=mm&r=g","caption":"florianadmin"},"sameAs":["https:\/\/www.staffsante.fr\/espace-recruteurs"]}]}},"_links":{"self":[{"href":"https:\/\/www.staffsante.fr\/espace-recruteurs\/wp-json\/wp\/v2\/posts\/538","targetHints":{"allow":["GET"]}}],"collection":[{"href":"https:\/\/www.staffsante.fr\/espace-recruteurs\/wp-json\/wp\/v2\/posts"}],"about":[{"href":"https:\/\/www.staffsante.fr\/espace-recruteurs\/wp-json\/wp\/v2\/types\/post"}],"author":[{"embeddable":true,"href":"https:\/\/www.staffsante.fr\/espace-recruteurs\/wp-json\/wp\/v2\/users\/1"}],"replies":[{"embeddable":true,"href":"https:\/\/www.staffsante.fr\/espace-recruteurs\/wp-json\/wp\/v2\/comments?post=538"}],"version-history":[{"count":0,"href":"https:\/\/www.staffsante.fr\/espace-recruteurs\/wp-json\/wp\/v2\/posts\/538\/revisions"}],"wp:featuredmedia":[{"embeddable":true,"href":"https:\/\/www.staffsante.fr\/espace-recruteurs\/wp-json\/wp\/v2\/media\/539"}],"wp:attachment":[{"href":"https:\/\/www.staffsante.fr\/espace-recruteurs\/wp-json\/wp\/v2\/media?parent=538"}],"wp:term":[{"taxonomy":"category","embeddable":true,"href":"https:\/\/www.staffsante.fr\/espace-recruteurs\/wp-json\/wp\/v2\/categories?post=538"},{"taxonomy":"post_tag","embeddable":true,"href":"https:\/\/www.staffsante.fr\/espace-recruteurs\/wp-json\/wp\/v2\/tags?post=538"}],"curies":[{"name":"wp","href":"https:\/\/api.w.org\/{rel}","templated":true}]}}