{"id":550,"date":"2022-07-13T08:41:08","date_gmt":"2022-07-13T08:41:08","guid":{"rendered":"https:\/\/recruiter.staffsante.fr\/une-etude-manageriale-illustre-la-prise-de-pouvoir-des-soignants-pendant-la-crise\/"},"modified":"2025-10-15T13:48:02","modified_gmt":"2025-10-15T13:48:02","slug":"une-etude-manageriale-illustre-la-prise-de-pouvoir-des-soignants-pendant-la-crise","status":"publish","type":"post","link":"https:\/\/www.staffsante.fr\/espace-recruteurs\/une-etude-manageriale-illustre-la-prise-de-pouvoir-des-soignants-pendant-la-crise\/","title":{"rendered":"Une \u00e9tude manag\u00e9riale illustre la prise de pouvoir des soignants pendant la crise"},"content":{"rendered":"<p><a href=\"https:\/\/www.staffsante.fr\/espace-recruteurs\/wp-content\/uploads\/2021\/03\/hospimedia-logo-article.png\"><img decoding=\"async\" class=\" wp-image-2437 alignleft\" src=\"https:\/\/www.staffsante.fr\/espace-recruteurs\/wp-content\/uploads\/2021\/03\/hospimedia-logo-article.png\" alt=\"\" width=\"226\" height=\"50\" \/><\/a>Publi\u00e9 le 29\/06\/22 par Lydie Watremetz<\/p>\n<p><a href=\"https:\/\/www.hospimedia.fr\/actualite\/articles\/20220629-ressources-humaines-une-etude-manageriale-illustre-la-prise\" target=\"_blank\" rel=\"noopener\">Article Hospimedia\u00a0<\/a><\/p>\n<p><strong>Donner plus de pouvoir d\u00e9cisionnel aux \u00e9quipes est un levier manag\u00e9rial primordial. Une \u00e9tude port\u00e9e par l&rsquo;Institut du management de l&rsquo;EHESP d\u00e9cortique le concept de fa\u00e7onnage de l&#8217;emploi ou job crafting au sein des \u00e9tablissements m\u00e9dico-sociaux.<\/strong><\/p>\n<p style=\"text-align: center;\"><a href=\"https:\/\/www.staffsante.fr\/espace-recruteurs\/wp-content\/uploads\/2022\/07\/Fotolia_114517784_M-1.jpg\"><img decoding=\"async\" class=\"aligncenter size-full wp-image-2744\" src=\"https:\/\/www.staffsante.fr\/espace-recruteurs\/wp-content\/uploads\/2022\/07\/Fotolia_114517784_M-1.jpg\" alt=\"\" width=\"450\" height=\"300\" \/><\/a><\/p>\n<p>&nbsp;<\/p>\n<p><strong>Ces derni\u00e8res ann\u00e9es de nombreuses \u00e9tudes ont port\u00e9 sur les dilemmes \u00e9thiques et aussi les tensions en mati\u00e8re de ressources humaines en Ehpad. La crise sanitaire a tout particuli\u00e8rement mis en exergue ces probl\u00e9matiques.<\/strong><br \/>\nChristelle Routelous, professeure \u00e0 l&rsquo;Institut du management de l&rsquo;\u00c9cole des hautes \u00e9tudes en sant\u00e9 publique (EHESP), avec Anne Lise Le Hesran, ing\u00e9nieur d&rsquo;\u00e9tude, et Myra Sader, ing\u00e9nieur de recherche, intervenant \u00e9galement \u00e0 l&rsquo;EHESP, ont choisi d&rsquo;aborder ces questionnements \u00e0 travers le concept de fa\u00e7onnage de l&#8217;emploi ou <em>job crafting<\/em>. Celui-ci renvoie \u00e0 la conception et \u00e0 la personnalisation de l&rsquo;activit\u00e9 professionnelle, de fa\u00e7on proactive et auto-initi\u00e9e.<\/p>\n<h2>Faire du fa\u00e7onnage<\/h2>\n<p>Les r\u00e9sultats de leur \u00e9tude ont \u00e9t\u00e9 pr\u00e9sent\u00e9s le 17 juin en amont de la publication de leur article scientifique dans la revue internationale de psychosociologie et de gestion des comportements organisationnels (Ripco) fin 2022. Au total, sur les 80 communications pr\u00e9sent\u00e9es ce jour-l\u00e0, 60 ont \u00e9t\u00e9 retenues et celle sur le job crafting a \u00e9t\u00e9 distingu\u00e9e par le premier prix. En marge de cette journ\u00e9e, Christelle Routelous, interrog\u00e9e par Hospimedia, souligne que l&rsquo;angle choisi pour cette \u00e9tude reste rare dans la recherche fran\u00e7aise.<\/p>\n<blockquote>\n<p style=\"text-align: center;\"><em>\u00a0\u00bb Moi personnellement, j&rsquo;ai d\u00e9sob\u00e9i parce que je ne pouvais pas ob\u00e9ir \u00e0 certaines injonctions [&#8230;]. Parfois ici les gens se sont rencontr\u00e9s de mani\u00e8re ill\u00e9gale en dehors des protocoles mais au moins on est rest\u00e9 humain et on avait la conscience tranquille quant on rentrait chez nous le soir.\u00a0\u00bb <\/em>T\u00e9moignage d&rsquo;une infirmi\u00e8re lors des entretiens<\/p>\n<\/blockquote>\n<p>Au d\u00e9part des r\u00e9flexions se trouve aussi un constat : avant la crise de 2020, les conditions de travail des \u00e9tablissements m\u00e9dico-sociaux \u00e9taient d\u00e9j\u00e0 d\u00e9grad\u00e9es. Pour autant, dans le contexte du Covid-19, les soignants des Ehpad ont assur\u00e9 la continuit\u00e9 des soins co\u00fbte que co\u00fbte. Les auteurs de cette \u00e9tude ont donc cherch\u00e9 \u00e0 comprendre au-del\u00e0 du d\u00e9vouement des professionnels comment expliquer ce ph\u00e9nom\u00e8ne. Autre constat, la crise Covid-19 a engendr\u00e9 de nouvelles tensions qui ont donc aggrav\u00e9 celles d\u00e9j\u00e0 pr\u00e9sentes en termes, par exemple, de charge de travail ou de ratios d&rsquo;encadrement, insuffisants pour assurer une prise en charge qualitative des r\u00e9sidents. Pour faire face, Christelle Routelous explique que <em>\u00ab\u00a0les soignants ont \u00e0 la fois travaill\u00e9 sur la repr\u00e9sentation de leur r\u00f4le et aussi sur les ressources trouv\u00e9es dans leur environnement et celles qu&rsquo;ils ont produit eux-m\u00eames. Cela correspond au fa\u00e7onnage du r\u00f4le et au fa\u00e7onnage des ressources\u00a0\u00bb<\/em>.<\/p>\n<p><strong>Au quotidien, les soignants essaient de faire du fa\u00e7onnage mais n&rsquo;ont pas les m\u00eames moyens que ceux qu&rsquo;ils ont trouv\u00e9s durant la crise<\/strong>, reconna\u00eet-elle. Selon les soignants, les directions lors des premi\u00e8res vagues du Covid-19 ont \u00e9t\u00e9 tr\u00e8s pr\u00e9sentes dans les services pour informer, rassurer, apporter leur soutien, rapporte Christelle Routelous. Parfois m\u00eame, certains chefs d&rsquo;\u00e9tablissement ont aid\u00e9 \u00e0 la distribution des repas ce qui n&rsquo;est pas habituel. L&rsquo;enseignante chercheuse analyse ce positionnement comme un recentrage des directions sur l&rsquo;activit\u00e9 des soignants. \u00c0 cela, elle ajoute <em>\u00ab\u00a0<strong>le soutien social tr\u00e8s fort de la population<\/strong> qui n&rsquo;a pas h\u00e9sit\u00e9 \u00e0 faire des dons de mat\u00e9riel, saluant le travail des soignants\u00a0\u00bb<\/em>. Ces attitudes ont, selon elle, galvanis\u00e9 les \u00e9quipes dans la crise.<\/p>\n<h2>Du sens au quotidien<\/h2>\n<p>Christelle Routelous retient aussi que <strong>pour pallier les absences de personnels infect\u00e9s par le Covid-19, une autonomie dans l&rsquo;organisation du travail a \u00e9t\u00e9 alors donn\u00e9e aux soignants.<\/strong> Pour elle, <em>\u00ab\u00a0cette crise doit \u00eatre l&rsquo;occasion d&rsquo;un apprentissage collectif sur la capacit\u00e9 des \u00e9quipes \u00e0 maintenir de la qualit\u00e9 si on leur permet d&rsquo;\u00eatre autonomes. <\/em><em>Cela envoie aussi un signal aux pouvoirs publics quant \u00e0 la n\u00e9cessit\u00e9 de laisser du temps aux managers pour l&rsquo;organisation du travail\u00a0\u00bb<\/em>. Elle regrette en effet que l&rsquo;encadrement, m\u00eame interm\u00e9diaire, soit g\u00e9n\u00e9ralement happ\u00e9 par d&rsquo;autres projets, de modernisation par exemple. Et finalement, <strong>Christelle Routelous consid\u00e8re que l&rsquo;attention port\u00e9e aux conditions de travail par les responsables du management est plut\u00f4t r\u00e9siduelle<\/strong>. <em>\u00ab\u00a0Il faut [soulager] les managers pour les remettre au plus pr\u00e8s des \u00e9quipes afin qu&rsquo;ils aident les soignants \u00e0 s&rsquo;impliquer au quotidien de fa\u00e7on plus autonome.\u00a0\u00bb<\/em> Dans l&rsquo;environnement actuel de perte d&rsquo;attractivit\u00e9 des m\u00e9tiers du grand \u00e2ge, elle pense que <em>\u00ab\u00a0les professionnels ont besoin de se sentir acteurs de leur travail pour retrouver du sens. La th\u00e9orie du job crafting permet de comprendre cette dynamique entre le besoin de soutien et la capacit\u00e9 \u00e0 faire face et c&rsquo;est aussi parce que les \u00e9quipes auront le soutien de leur encadrement et de leurs pairs qu&rsquo;elles innoveront\u00a0\u00bb<\/em>.<\/p>\n<h2>D&rsquo;abord des ressources<\/h2>\n<p>Pour autant, <strong>la d\u00e9marche de <em>job crafting<\/em> est intimement li\u00e9e aux ressources.<\/strong> La sortie de crise s&rsquo;accompagne par exemple depuis plusieurs mois de tensions avec les familles. Les directions et l&rsquo;encadrement ont retrouv\u00e9 leurs t\u00e2ches quotidiennes et ont parfois moins communiqu\u00e9 que pendant les premi\u00e8res vagues de Covid-19. \u00ab\u00a0L&rsquo;actualit\u00e9 nous montre qu&rsquo;il existe bien un lien entre le soutien et les ressources dont disposent les \u00e9quipes et la capacit\u00e9 qu&rsquo;elles ont \u00e0 fa\u00e7onner\u00a0\u00bb, souligne Christelle Routelous. Une future \u00e9tude est d&rsquo;ores et d\u00e9j\u00e0 en cours pour analyser les liens entre la capacit\u00e9 \u00e0 tenir et la volont\u00e9 de rester dans le m\u00e9tier.<\/p>\n<h2>M\u00e9thodologie d&rsquo;enqu\u00eate<\/h2>\n<p>L&rsquo;\u00e9tude sur le<em> job crafting<\/em> a \u00e9t\u00e9 r\u00e9alis\u00e9e dans le cadre d&rsquo;une convention avec l&rsquo;EHESP avec un financement des ARS Bretagne et Pays de la Loire. Pour analyser les m\u00e9thodes de management des \u00e9quipes et leur organisation pendant la crise sanitaire, plus de 80 entretiens individuels ont \u00e9t\u00e9 r\u00e9alis\u00e9s entre 2020 et 2021.<\/p>\n","protected":false},"excerpt":{"rendered":"<p>Donner plus de pouvoir d\u00e9cisionnel aux \u00e9quipes est un levier manag\u00e9rial primordial. Une \u00e9tude port\u00e9e par l&rsquo;Institut du management de l&rsquo;EHESP d\u00e9cortique le concept de fa\u00e7onnage de l&#8217;emploi ou job crafting au sein des \u00e9tablissements m\u00e9dico-sociaux.<\/p>\n","protected":false},"author":1,"featured_media":551,"comment_status":"open","ping_status":"open","sticky":false,"template":"","format":"standard","meta":{"footnotes":""},"categories":[24],"tags":[],"class_list":["post-550","post","type-post","status-publish","format-standard","has-post-thumbnail","hentry","category-metiers-du-soin"],"yoast_head":"<!-- This site is optimized with the Yoast SEO plugin v27.3 - https:\/\/yoast.com\/product\/yoast-seo-wordpress\/ -->\n<title>Une \u00e9tude manag\u00e9riale illustre la prise de pouvoir des soignants pendant la crise - Staffsant\u00e9 Recruteurs<\/title>\n<meta name=\"description\" content=\"Donner plus de pouvoir d\u00e9cisionnel aux \u00e9quipes est un levier manag\u00e9rial primordial. Une \u00e9tude port\u00e9e par l&#039;Institut du management de l&#039;EHESP d\u00e9cortique le concept de fa\u00e7onnage de l&#039;emploi ou job crafting au sein des \u00e9tablissements m\u00e9dico-sociaux.\" \/>\n<meta name=\"robots\" content=\"index, follow, max-snippet:-1, max-image-preview:large, max-video-preview:-1\" \/>\n<link rel=\"canonical\" href=\"https:\/\/www.staffsante.fr\/espace-recruteurs\/une-etude-manageriale-illustre-la-prise-de-pouvoir-des-soignants-pendant-la-crise\/\" \/>\n<script type=\"application\/ld+json\" class=\"yoast-schema-graph\">{\"@context\":\"https:\\\/\\\/schema.org\",\"@graph\":[{\"@type\":\"Article\",\"@id\":\"https:\\\/\\\/www.staffsante.fr\\\/espace-recruteurs\\\/une-etude-manageriale-illustre-la-prise-de-pouvoir-des-soignants-pendant-la-crise\\\/#article\",\"isPartOf\":{\"@id\":\"https:\\\/\\\/www.staffsante.fr\\\/espace-recruteurs\\\/une-etude-manageriale-illustre-la-prise-de-pouvoir-des-soignants-pendant-la-crise\\\/\"},\"author\":{\"name\":\"florianadmin\",\"@id\":\"https:\\\/\\\/www.staffsante.fr\\\/espace-recruteurs\\\/#\\\/schema\\\/person\\\/5e9673f67f4cbbf2de596df6446ca8f2\"},\"headline\":\"Une \u00e9tude manag\u00e9riale illustre la prise de pouvoir des soignants pendant la crise\",\"datePublished\":\"2022-07-13T08:41:08+00:00\",\"dateModified\":\"2025-10-15T13:48:02+00:00\",\"mainEntityOfPage\":{\"@id\":\"https:\\\/\\\/www.staffsante.fr\\\/espace-recruteurs\\\/une-etude-manageriale-illustre-la-prise-de-pouvoir-des-soignants-pendant-la-crise\\\/\"},\"wordCount\":1056,\"commentCount\":0,\"publisher\":{\"@id\":\"https:\\\/\\\/www.staffsante.fr\\\/espace-recruteurs\\\/#organization\"},\"image\":{\"@id\":\"https:\\\/\\\/www.staffsante.fr\\\/espace-recruteurs\\\/une-etude-manageriale-illustre-la-prise-de-pouvoir-des-soignants-pendant-la-crise\\\/#primaryimage\"},\"thumbnailUrl\":\"https:\\\/\\\/www.staffsante.fr\\\/espace-recruteurs\\\/wp-content\\\/uploads\\\/2025\\\/07\\\/methodologie.jpg\",\"articleSection\":[\"M\u00e9tiers du soin\"],\"inLanguage\":\"fr-FR\",\"potentialAction\":[{\"@type\":\"CommentAction\",\"name\":\"Comment\",\"target\":[\"https:\\\/\\\/www.staffsante.fr\\\/espace-recruteurs\\\/une-etude-manageriale-illustre-la-prise-de-pouvoir-des-soignants-pendant-la-crise\\\/#respond\"]}]},{\"@type\":\"WebPage\",\"@id\":\"https:\\\/\\\/www.staffsante.fr\\\/espace-recruteurs\\\/une-etude-manageriale-illustre-la-prise-de-pouvoir-des-soignants-pendant-la-crise\\\/\",\"url\":\"https:\\\/\\\/www.staffsante.fr\\\/espace-recruteurs\\\/une-etude-manageriale-illustre-la-prise-de-pouvoir-des-soignants-pendant-la-crise\\\/\",\"name\":\"Une \u00e9tude manag\u00e9riale illustre la prise de pouvoir des soignants pendant la crise - Staffsant\u00e9 Recruteurs\",\"isPartOf\":{\"@id\":\"https:\\\/\\\/www.staffsante.fr\\\/espace-recruteurs\\\/#website\"},\"primaryImageOfPage\":{\"@id\":\"https:\\\/\\\/www.staffsante.fr\\\/espace-recruteurs\\\/une-etude-manageriale-illustre-la-prise-de-pouvoir-des-soignants-pendant-la-crise\\\/#primaryimage\"},\"image\":{\"@id\":\"https:\\\/\\\/www.staffsante.fr\\\/espace-recruteurs\\\/une-etude-manageriale-illustre-la-prise-de-pouvoir-des-soignants-pendant-la-crise\\\/#primaryimage\"},\"thumbnailUrl\":\"https:\\\/\\\/www.staffsante.fr\\\/espace-recruteurs\\\/wp-content\\\/uploads\\\/2025\\\/07\\\/methodologie.jpg\",\"datePublished\":\"2022-07-13T08:41:08+00:00\",\"dateModified\":\"2025-10-15T13:48:02+00:00\",\"description\":\"Donner plus de pouvoir d\u00e9cisionnel aux \u00e9quipes est un levier manag\u00e9rial primordial. Une \u00e9tude port\u00e9e par l'Institut du management de l'EHESP d\u00e9cortique le concept de fa\u00e7onnage de l'emploi ou job crafting au sein des \u00e9tablissements m\u00e9dico-sociaux.\",\"breadcrumb\":{\"@id\":\"https:\\\/\\\/www.staffsante.fr\\\/espace-recruteurs\\\/une-etude-manageriale-illustre-la-prise-de-pouvoir-des-soignants-pendant-la-crise\\\/#breadcrumb\"},\"inLanguage\":\"fr-FR\",\"potentialAction\":[{\"@type\":\"ReadAction\",\"target\":[\"https:\\\/\\\/www.staffsante.fr\\\/espace-recruteurs\\\/une-etude-manageriale-illustre-la-prise-de-pouvoir-des-soignants-pendant-la-crise\\\/\"]}]},{\"@type\":\"ImageObject\",\"inLanguage\":\"fr-FR\",\"@id\":\"https:\\\/\\\/www.staffsante.fr\\\/espace-recruteurs\\\/une-etude-manageriale-illustre-la-prise-de-pouvoir-des-soignants-pendant-la-crise\\\/#primaryimage\",\"url\":\"https:\\\/\\\/www.staffsante.fr\\\/espace-recruteurs\\\/wp-content\\\/uploads\\\/2025\\\/07\\\/methodologie.jpg\",\"contentUrl\":\"https:\\\/\\\/www.staffsante.fr\\\/espace-recruteurs\\\/wp-content\\\/uploads\\\/2025\\\/07\\\/methodologie.jpg\",\"width\":300,\"height\":185,\"caption\":\"pouvoir des soignants pendant la crise\"},{\"@type\":\"BreadcrumbList\",\"@id\":\"https:\\\/\\\/www.staffsante.fr\\\/espace-recruteurs\\\/une-etude-manageriale-illustre-la-prise-de-pouvoir-des-soignants-pendant-la-crise\\\/#breadcrumb\",\"itemListElement\":[{\"@type\":\"ListItem\",\"position\":1,\"name\":\"Accueil\",\"item\":\"https:\\\/\\\/www.staffsante.fr\\\/espace-recruteurs\\\/\"},{\"@type\":\"ListItem\",\"position\":2,\"name\":\"M\u00e9tiers du soin\",\"item\":\"https:\\\/\\\/www.staffsante.fr\\\/espace-recruteurs\\\/categorie\\\/metiers-du-soin\\\/\"},{\"@type\":\"ListItem\",\"position\":3,\"name\":\"Une \u00e9tude manag\u00e9riale illustre la prise de pouvoir des soignants pendant la crise\"}]},{\"@type\":\"WebSite\",\"@id\":\"https:\\\/\\\/www.staffsante.fr\\\/espace-recruteurs\\\/#website\",\"url\":\"https:\\\/\\\/www.staffsante.fr\\\/espace-recruteurs\\\/\",\"name\":\"Staffsant\u00e9 Recruteurs\",\"description\":\"\",\"publisher\":{\"@id\":\"https:\\\/\\\/www.staffsante.fr\\\/espace-recruteurs\\\/#organization\"},\"potentialAction\":[{\"@type\":\"SearchAction\",\"target\":{\"@type\":\"EntryPoint\",\"urlTemplate\":\"https:\\\/\\\/www.staffsante.fr\\\/espace-recruteurs\\\/?s={search_term_string}\"},\"query-input\":{\"@type\":\"PropertyValueSpecification\",\"valueRequired\":true,\"valueName\":\"search_term_string\"}}],\"inLanguage\":\"fr-FR\"},{\"@type\":\"Organization\",\"@id\":\"https:\\\/\\\/www.staffsante.fr\\\/espace-recruteurs\\\/#organization\",\"name\":\"Staffsant\u00e9 Recruteurs\",\"url\":\"https:\\\/\\\/www.staffsante.fr\\\/espace-recruteurs\\\/\",\"logo\":{\"@type\":\"ImageObject\",\"inLanguage\":\"fr-FR\",\"@id\":\"https:\\\/\\\/www.staffsante.fr\\\/espace-recruteurs\\\/#\\\/schema\\\/logo\\\/image\\\/\",\"url\":\"https:\\\/\\\/www.staffsante.fr\\\/espace-recruteurs\\\/wp-content\\\/uploads\\\/2025\\\/07\\\/logo-hospimedia.webp\",\"contentUrl\":\"https:\\\/\\\/www.staffsante.fr\\\/espace-recruteurs\\\/wp-content\\\/uploads\\\/2025\\\/07\\\/logo-hospimedia.webp\",\"width\":208,\"height\":53,\"caption\":\"Staffsant\u00e9 Recruteurs\"},\"image\":{\"@id\":\"https:\\\/\\\/www.staffsante.fr\\\/espace-recruteurs\\\/#\\\/schema\\\/logo\\\/image\\\/\"}},{\"@type\":\"Person\",\"@id\":\"https:\\\/\\\/www.staffsante.fr\\\/espace-recruteurs\\\/#\\\/schema\\\/person\\\/5e9673f67f4cbbf2de596df6446ca8f2\",\"name\":\"florianadmin\",\"image\":{\"@type\":\"ImageObject\",\"inLanguage\":\"fr-FR\",\"@id\":\"https:\\\/\\\/secure.gravatar.com\\\/avatar\\\/a0b0deb88156dea33d737e1112e576727e9c7b189c5ed976710d30bd5fb2af76?s=96&d=mm&r=g\",\"url\":\"https:\\\/\\\/secure.gravatar.com\\\/avatar\\\/a0b0deb88156dea33d737e1112e576727e9c7b189c5ed976710d30bd5fb2af76?s=96&d=mm&r=g\",\"contentUrl\":\"https:\\\/\\\/secure.gravatar.com\\\/avatar\\\/a0b0deb88156dea33d737e1112e576727e9c7b189c5ed976710d30bd5fb2af76?s=96&d=mm&r=g\",\"caption\":\"florianadmin\"},\"sameAs\":[\"https:\\\/\\\/www.staffsante.fr\\\/espace-recruteurs\"]}]}<\/script>\n<!-- \/ Yoast SEO plugin. -->","yoast_head_json":{"title":"Une \u00e9tude manag\u00e9riale illustre la prise de pouvoir des soignants pendant la crise - Staffsant\u00e9 Recruteurs","description":"Donner plus de pouvoir d\u00e9cisionnel aux \u00e9quipes est un levier manag\u00e9rial primordial. Une \u00e9tude port\u00e9e par l'Institut du management de l'EHESP d\u00e9cortique le concept de fa\u00e7onnage de l'emploi ou job crafting au sein des \u00e9tablissements m\u00e9dico-sociaux.","robots":{"index":"index","follow":"follow","max-snippet":"max-snippet:-1","max-image-preview":"max-image-preview:large","max-video-preview":"max-video-preview:-1"},"canonical":"https:\/\/www.staffsante.fr\/espace-recruteurs\/une-etude-manageriale-illustre-la-prise-de-pouvoir-des-soignants-pendant-la-crise\/","schema":{"@context":"https:\/\/schema.org","@graph":[{"@type":"Article","@id":"https:\/\/www.staffsante.fr\/espace-recruteurs\/une-etude-manageriale-illustre-la-prise-de-pouvoir-des-soignants-pendant-la-crise\/#article","isPartOf":{"@id":"https:\/\/www.staffsante.fr\/espace-recruteurs\/une-etude-manageriale-illustre-la-prise-de-pouvoir-des-soignants-pendant-la-crise\/"},"author":{"name":"florianadmin","@id":"https:\/\/www.staffsante.fr\/espace-recruteurs\/#\/schema\/person\/5e9673f67f4cbbf2de596df6446ca8f2"},"headline":"Une \u00e9tude manag\u00e9riale illustre la prise de pouvoir des soignants pendant la crise","datePublished":"2022-07-13T08:41:08+00:00","dateModified":"2025-10-15T13:48:02+00:00","mainEntityOfPage":{"@id":"https:\/\/www.staffsante.fr\/espace-recruteurs\/une-etude-manageriale-illustre-la-prise-de-pouvoir-des-soignants-pendant-la-crise\/"},"wordCount":1056,"commentCount":0,"publisher":{"@id":"https:\/\/www.staffsante.fr\/espace-recruteurs\/#organization"},"image":{"@id":"https:\/\/www.staffsante.fr\/espace-recruteurs\/une-etude-manageriale-illustre-la-prise-de-pouvoir-des-soignants-pendant-la-crise\/#primaryimage"},"thumbnailUrl":"https:\/\/www.staffsante.fr\/espace-recruteurs\/wp-content\/uploads\/2025\/07\/methodologie.jpg","articleSection":["M\u00e9tiers du soin"],"inLanguage":"fr-FR","potentialAction":[{"@type":"CommentAction","name":"Comment","target":["https:\/\/www.staffsante.fr\/espace-recruteurs\/une-etude-manageriale-illustre-la-prise-de-pouvoir-des-soignants-pendant-la-crise\/#respond"]}]},{"@type":"WebPage","@id":"https:\/\/www.staffsante.fr\/espace-recruteurs\/une-etude-manageriale-illustre-la-prise-de-pouvoir-des-soignants-pendant-la-crise\/","url":"https:\/\/www.staffsante.fr\/espace-recruteurs\/une-etude-manageriale-illustre-la-prise-de-pouvoir-des-soignants-pendant-la-crise\/","name":"Une \u00e9tude manag\u00e9riale illustre la prise de pouvoir des soignants pendant la crise - Staffsant\u00e9 Recruteurs","isPartOf":{"@id":"https:\/\/www.staffsante.fr\/espace-recruteurs\/#website"},"primaryImageOfPage":{"@id":"https:\/\/www.staffsante.fr\/espace-recruteurs\/une-etude-manageriale-illustre-la-prise-de-pouvoir-des-soignants-pendant-la-crise\/#primaryimage"},"image":{"@id":"https:\/\/www.staffsante.fr\/espace-recruteurs\/une-etude-manageriale-illustre-la-prise-de-pouvoir-des-soignants-pendant-la-crise\/#primaryimage"},"thumbnailUrl":"https:\/\/www.staffsante.fr\/espace-recruteurs\/wp-content\/uploads\/2025\/07\/methodologie.jpg","datePublished":"2022-07-13T08:41:08+00:00","dateModified":"2025-10-15T13:48:02+00:00","description":"Donner plus de pouvoir d\u00e9cisionnel aux \u00e9quipes est un levier manag\u00e9rial primordial. Une \u00e9tude port\u00e9e par l'Institut du management de l'EHESP d\u00e9cortique le concept de fa\u00e7onnage de l'emploi ou job crafting au sein des \u00e9tablissements m\u00e9dico-sociaux.","breadcrumb":{"@id":"https:\/\/www.staffsante.fr\/espace-recruteurs\/une-etude-manageriale-illustre-la-prise-de-pouvoir-des-soignants-pendant-la-crise\/#breadcrumb"},"inLanguage":"fr-FR","potentialAction":[{"@type":"ReadAction","target":["https:\/\/www.staffsante.fr\/espace-recruteurs\/une-etude-manageriale-illustre-la-prise-de-pouvoir-des-soignants-pendant-la-crise\/"]}]},{"@type":"ImageObject","inLanguage":"fr-FR","@id":"https:\/\/www.staffsante.fr\/espace-recruteurs\/une-etude-manageriale-illustre-la-prise-de-pouvoir-des-soignants-pendant-la-crise\/#primaryimage","url":"https:\/\/www.staffsante.fr\/espace-recruteurs\/wp-content\/uploads\/2025\/07\/methodologie.jpg","contentUrl":"https:\/\/www.staffsante.fr\/espace-recruteurs\/wp-content\/uploads\/2025\/07\/methodologie.jpg","width":300,"height":185,"caption":"pouvoir des soignants pendant la crise"},{"@type":"BreadcrumbList","@id":"https:\/\/www.staffsante.fr\/espace-recruteurs\/une-etude-manageriale-illustre-la-prise-de-pouvoir-des-soignants-pendant-la-crise\/#breadcrumb","itemListElement":[{"@type":"ListItem","position":1,"name":"Accueil","item":"https:\/\/www.staffsante.fr\/espace-recruteurs\/"},{"@type":"ListItem","position":2,"name":"M\u00e9tiers du soin","item":"https:\/\/www.staffsante.fr\/espace-recruteurs\/categorie\/metiers-du-soin\/"},{"@type":"ListItem","position":3,"name":"Une \u00e9tude manag\u00e9riale illustre la prise de pouvoir des soignants pendant la crise"}]},{"@type":"WebSite","@id":"https:\/\/www.staffsante.fr\/espace-recruteurs\/#website","url":"https:\/\/www.staffsante.fr\/espace-recruteurs\/","name":"Staffsant\u00e9 Recruteurs","description":"","publisher":{"@id":"https:\/\/www.staffsante.fr\/espace-recruteurs\/#organization"},"potentialAction":[{"@type":"SearchAction","target":{"@type":"EntryPoint","urlTemplate":"https:\/\/www.staffsante.fr\/espace-recruteurs\/?s={search_term_string}"},"query-input":{"@type":"PropertyValueSpecification","valueRequired":true,"valueName":"search_term_string"}}],"inLanguage":"fr-FR"},{"@type":"Organization","@id":"https:\/\/www.staffsante.fr\/espace-recruteurs\/#organization","name":"Staffsant\u00e9 Recruteurs","url":"https:\/\/www.staffsante.fr\/espace-recruteurs\/","logo":{"@type":"ImageObject","inLanguage":"fr-FR","@id":"https:\/\/www.staffsante.fr\/espace-recruteurs\/#\/schema\/logo\/image\/","url":"https:\/\/www.staffsante.fr\/espace-recruteurs\/wp-content\/uploads\/2025\/07\/logo-hospimedia.webp","contentUrl":"https:\/\/www.staffsante.fr\/espace-recruteurs\/wp-content\/uploads\/2025\/07\/logo-hospimedia.webp","width":208,"height":53,"caption":"Staffsant\u00e9 Recruteurs"},"image":{"@id":"https:\/\/www.staffsante.fr\/espace-recruteurs\/#\/schema\/logo\/image\/"}},{"@type":"Person","@id":"https:\/\/www.staffsante.fr\/espace-recruteurs\/#\/schema\/person\/5e9673f67f4cbbf2de596df6446ca8f2","name":"florianadmin","image":{"@type":"ImageObject","inLanguage":"fr-FR","@id":"https:\/\/secure.gravatar.com\/avatar\/a0b0deb88156dea33d737e1112e576727e9c7b189c5ed976710d30bd5fb2af76?s=96&d=mm&r=g","url":"https:\/\/secure.gravatar.com\/avatar\/a0b0deb88156dea33d737e1112e576727e9c7b189c5ed976710d30bd5fb2af76?s=96&d=mm&r=g","contentUrl":"https:\/\/secure.gravatar.com\/avatar\/a0b0deb88156dea33d737e1112e576727e9c7b189c5ed976710d30bd5fb2af76?s=96&d=mm&r=g","caption":"florianadmin"},"sameAs":["https:\/\/www.staffsante.fr\/espace-recruteurs"]}]}},"_links":{"self":[{"href":"https:\/\/www.staffsante.fr\/espace-recruteurs\/wp-json\/wp\/v2\/posts\/550","targetHints":{"allow":["GET"]}}],"collection":[{"href":"https:\/\/www.staffsante.fr\/espace-recruteurs\/wp-json\/wp\/v2\/posts"}],"about":[{"href":"https:\/\/www.staffsante.fr\/espace-recruteurs\/wp-json\/wp\/v2\/types\/post"}],"author":[{"embeddable":true,"href":"https:\/\/www.staffsante.fr\/espace-recruteurs\/wp-json\/wp\/v2\/users\/1"}],"replies":[{"embeddable":true,"href":"https:\/\/www.staffsante.fr\/espace-recruteurs\/wp-json\/wp\/v2\/comments?post=550"}],"version-history":[{"count":0,"href":"https:\/\/www.staffsante.fr\/espace-recruteurs\/wp-json\/wp\/v2\/posts\/550\/revisions"}],"wp:featuredmedia":[{"embeddable":true,"href":"https:\/\/www.staffsante.fr\/espace-recruteurs\/wp-json\/wp\/v2\/media\/551"}],"wp:attachment":[{"href":"https:\/\/www.staffsante.fr\/espace-recruteurs\/wp-json\/wp\/v2\/media?parent=550"}],"wp:term":[{"taxonomy":"category","embeddable":true,"href":"https:\/\/www.staffsante.fr\/espace-recruteurs\/wp-json\/wp\/v2\/categories?post=550"},{"taxonomy":"post_tag","embeddable":true,"href":"https:\/\/www.staffsante.fr\/espace-recruteurs\/wp-json\/wp\/v2\/tags?post=550"}],"curies":[{"name":"wp","href":"https:\/\/api.w.org\/{rel}","templated":true}]}}